{"id":3622,"date":"2017-09-05T21:47:36","date_gmt":"2017-09-05T18:47:36","guid":{"rendered":"https:\/\/debesyla.lt\/uzrasai\/?p=3622"},"modified":"2021-09-30T21:40:15","modified_gmt":"2021-09-30T18:40:15","slug":"emocine-laisve","status":"publish","type":"post","link":"https:\/\/debesyla.lt\/uzrasai\/2017\/emocine-laisve\/","title":{"rendered":"Kas yra emocin\u0117 laisv\u0117?"},"content":{"rendered":"<aside>Dienos tikslas: <a href=\"https:\/\/debesyla.lt\/uzrasai\/issukis-365\/\">2367 \u017eod\u017eiai<\/a>. Para\u0161yta: <b>333<\/b>.<\/aside>\n<p>Neseniai pagalvojau &#8211; kas vis d\u0117lto yra ta emocin\u0117 laisv\u0117? Pamenu, rodos, dabar jau labai seniai, i\u0161gird\u0119s toki\u0105 fraz\u0119 kaip \u201eemocin\u0117 laisv\u0117\u201c, pagalvodavau, jog tai yra tas dalykas, kurio a\u0161 noriu.<\/p>\n<p>Atrodydavo, jog emocin\u0119 laisv\u0119 turin\u010diam \u017emogui viskas sekasi puikiai, jis gauna visk\u0105, ko nori.<\/p>\n<p>Jis yra dr\u0105sus, pasitikintis, atsipalaidav\u0119s. \u017dmon\u0117s jam pritaria, jis sau pritaria. Bet kai dabar i\u0161girstu \u0161i\u0105 fraz\u0119, j\u0105 gird\u017eiu visi\u0161kai kitaip.<\/p>\n<h2>Tie, kas siekia emocin\u0117s laisv\u0117, susiduria su dviem gyvenimo poliais.<\/h2>\n<p>I\u0161 vienos pus\u0117s \u2013 mes turime begal\u0119 prisiri\u0161im\u0173 \u0161iame gyvenime, i\u0161 kitos pus\u0117s \u2013 turime begal\u0119 dalyk\u0173, kuri\u0173 nem\u0117gstame ar nenorime patirti, pavyzd\u017eiui, nem\u0117gstamo darbo ar baimi\u0173.<\/p>\n<p>Jeigu \u017emogus \u201etvarko\u201c vien tik dalykus, kuri\u0173 nem\u0117gsta, anks\u010diau ar v\u0117liau jis pradeda priimti gyvenim\u0105 tok\u012f, koks jis yra ir pradeda d\u017eiaugtis juo.<\/p>\n<p>Suma\u017e\u0117ja baimi\u0173 kiekis, atsiranda dr\u0105sos ir pasitik\u0117jimo. Ir toks \u017emogus da\u017eniausiai neria \u012f gyvenim\u0105 ir bando visomis i\u0161gal\u0117mis b\u016bti s\u0117kmingu \u017emogumi ir i\u0161pildyti visus savo norus.<\/p>\n<ul>\n<li>Ta\u010diau ar tai emocin\u0117 laisv\u0117?<\/li>\n<li>Ar tik priklausomyb\u0117 nuo s\u0117km\u0117s ir gra\u017eios gyvenimo istorijos?<\/li>\n<li>Ar toks \u017emogus kada nors baigs siekti tiksl\u0173 ir pails\u0117s?<\/li>\n<\/ul>\n<p>Kita medalio pus\u0117 \u2013 dalykai, kuriuos mes m\u0117gstame bei esame prisiri\u0161\u0119 prie j\u0173. \u017dmon\u0117ms juos \u201enumesti\u201c yra \u017eymiai lengviau nei dalykus, kuri\u0173 nem\u0117gstame.<\/p>\n<p>Da\u017enas net nenori matyti dalyk\u0173, kuri\u0173 nem\u0117gsta ar dirbti su baim\u0117mis, pyk\u010diais, nes tai n\u0117ra malonu.<\/p>\n<p>Jeigu \u017emogus \u201edirba\u201c su prisiri\u0161imais, anks\u010diau ar v\u0117liau jis patiria \u012fvairias nestandartines gyvenimo patirtis. Nukrenta prisiri\u0161imas prie s\u0117km\u0117s ir pasaulieti\u0161k\u0173 nor\u0173. Atsiranda laisv\u0117 laisvai m\u0105styti.<\/p>\n<p>Da\u017enai \u017emon\u0117s pakli\u016bna \u012f sp\u0105stus, kuriuose labai lengvai gali numesti nor\u0105 ko nors siekti, vietoj to, kad siekti.<\/p>\n<p><strong>&#8230;Ir nemato fone pasisl\u0117pusio prie\u0161i\u0161kumo.<\/strong> Tai yra vienas i\u0161 poli\u0173, kai tvarkai tik prisiri\u0161imus.<\/p>\n<p>Aukso viduriukas yra tvarkyti ir prisiri\u0161imus, ir prie\u0161i\u0161kumus. Tuomet esi ne tik turintis gali\u0105 kurti ir jud\u0117ti gyvenime, bet ir laisvas nuo kit\u0173 \u017emoni\u0173 tau primest\u0173 nor\u0173 bei sieki\u0173 ar am\u017eino j\u0173 siekimo.<\/p>\n<p>Esi laisvas net nuo visos savo istorijos. Esi laisvas net nuo \u201ea\u0161\u201c id\u0117jos.<\/p>\n<p>B\u016btent apie toki\u0105 laisv\u0119 ir galvoju.\u00a0Ir manau, kad tokios laisv\u0117s ir tur\u0117tume siekti. Visgi tai laisv\u0117, u\u017e kuri\u0105 kovoti verta.<\/p>\n","protected":false},"excerpt":{"rendered":"<aside>Dienos tikslas: <a href=\"https:\/\/debesyla.lt\/uzrasai\/issukis-365\/\">2367 \u017eod\u017eiai<\/a>. Para\u0161yta: <b>333<\/b>.<\/aside>\n<p>Neseniai pagalvojau &#8211; kas vis d\u0117lto yra ta emocin\u0117 laisv\u0117? Pamenu, rodos, dabar jau labai seniai, i\u0161gird\u0119s toki\u0105 fraz\u0119 kaip \u201eemocin\u0117 laisv\u0117\u201c, pagalvodavau, jog tai yra tas dalykas, kurio a\u0161 noriu.<\/p>\n","protected":false},"author":1,"featured_media":15228,"comment_status":"open","ping_status":"open","sticky":false,"template":"","format":"standard","meta":{"footnotes":""},"categories":[5],"tags":[2,86],"class_list":{"0":"post-3622","2":"type-post","3":"status-publish","4":"format-standard","5":"has-post-thumbnail","7":"category-pamastymai","8":"tag-365-tekstai","9":"tag-saves-pazinimas"},"_links":{"self":[{"href":"https:\/\/debesyla.lt\/uzrasai\/wp-json\/wp\/v2\/posts\/3622","targetHints":{"allow":["GET"]}}],"collection":[{"href":"https:\/\/debesyla.lt\/uzrasai\/wp-json\/wp\/v2\/posts"}],"about":[{"href":"https:\/\/debesyla.lt\/uzrasai\/wp-json\/wp\/v2\/types\/post"}],"author":[{"embeddable":true,"href":"https:\/\/debesyla.lt\/uzrasai\/wp-json\/wp\/v2\/users\/1"}],"replies":[{"embeddable":true,"href":"https:\/\/debesyla.lt\/uzrasai\/wp-json\/wp\/v2\/comments?post=3622"}],"version-history":[{"count":0,"href":"https:\/\/debesyla.lt\/uzrasai\/wp-json\/wp\/v2\/posts\/3622\/revisions"}],"wp:featuredmedia":[{"embeddable":true,"href":"https:\/\/debesyla.lt\/uzrasai\/wp-json\/wp\/v2\/media\/15228"}],"wp:attachment":[{"href":"https:\/\/debesyla.lt\/uzrasai\/wp-json\/wp\/v2\/media?parent=3622"}],"wp:term":[{"taxonomy":"category","embeddable":true,"href":"https:\/\/debesyla.lt\/uzrasai\/wp-json\/wp\/v2\/categories?post=3622"},{"taxonomy":"post_tag","embeddable":true,"href":"https:\/\/debesyla.lt\/uzrasai\/wp-json\/wp\/v2\/tags?post=3622"}],"curies":[{"name":"wp","href":"https:\/\/api.w.org\/{rel}","templated":true}]}}