{"id":2210,"date":"2017-04-19T21:57:32","date_gmt":"2017-04-19T18:57:32","guid":{"rendered":"http:\/\/danieliusg.lt\/?p=2210"},"modified":"2021-07-06T21:31:56","modified_gmt":"2021-07-06T18:31:56","slug":"gerai-kad-mums-abiems-nusispjaut","status":"publish","type":"post","link":"https:\/\/debesyla.lt\/uzrasai\/2017\/gerai-kad-mums-abiems-nusispjaut\/","title":{"rendered":"Meil\u0117s lai\u0161kas: Gerai, kad mums abiems nusispjaut"},"content":{"rendered":"<p style=\"font-size: 0.8em;\">Dienos tikslas: <a style=\"border: none;\" href=\"https:\/\/debesyla.lt\/uzrasai\/issukis-365\/\">682 \u017eod\u017eiai<\/a>. Para\u0161yta: <b>144<\/b>.<\/p>\n<p style=\"text-align: left;\"><span style=\"font-size: 1.15em;\">Labas, [cenz\u016bruota],<\/span><\/p>\n<p>Tik nor\u0117jau pasakyti, kad&#8230; Man patinka su tavimi bendrauti!<\/p>\n<p style=\"padding-left: 30px;\">Nepatinka labai. Tai yra, ne tiek patinka, kad gal\u0117\u010diau sakyti \u201eoho\u201c ir verstis k\u016blvirs\u010diais, kaip \u010dia viskas mums nuostabu ir fantasti\u0161ka. Tiesiog &#8211; patinka.<\/p>\n<p>Man patinka m\u016bs\u0173 pa\u0161nekesiai, nes man jie visai ner\u016bpi.<\/p>\n<p style=\"padding-left: 30px;\">Ateinu, pasakau \u201eLabas\u201c, o po akimirkos &#8211; mes jau kalbam\u0117s apie Marijos radij\u0105 ir e\u017eiukus pievose. Dar akimirkos ir dar temos. Kitos.<\/p>\n<p>\u017dinai, man patinka ir tavo akys.<\/p>\n<p style=\"padding-left: 30px;\">Nepaisant, jog j\u0173 nema\u010diau. Juk bendraujame tiesiog tekstu. Ka\u017ekaip tikiu, kad jos visai \u017eavios &#8211; kaip ir vis\u0173 kit\u0173 \u017emoni\u0173. Nei\u0161skirtin\u0117s.<\/p>\n<p>Man visai patinka ir tavo namai.<\/p>\n<p style=\"padding-left: 30px;\">Juose gyventi galima. Neblogai, juk tikrai ne visuose namuose galima gyventi. Kai kuriuose gyventi negalima, tai juose niekas ir negyvena.<\/p>\n<p>Ir man patinka m\u016bs\u0173 santykis.<\/p>\n<p style=\"padding-left: 30px;\">Kad jo n\u0117ra. Visi\u0161kai.<\/p>\n<p>Kad kalb\u0117ti galime ne kaip \u012fsimyl\u0117j\u0117li\u0173 pora.<\/p>\n<p style=\"padding-left: 30px;\">Ir a\u010di\u016b dievui! Ar kam ten tokiam.<\/p>\n<p>Kad yra apie k\u0105 bendrauti.<\/p>\n<p>Tavo,<br \/>\n<strong>Danielius<br \/>\n<\/strong><\/p>\n","protected":false},"excerpt":{"rendered":"<p style=\"font-size: 0.8em;\">Dienos tikslas: <a style=\"border: none;\" href=\"https:\/\/debesyla.lt\/uzrasai\/issukis-365\/\">682 \u017eod\u017eiai<\/a>. Para\u0161yta: <b>144<\/b>.<\/p>\n","protected":false},"author":1,"featured_media":14980,"comment_status":"open","ping_status":"open","sticky":false,"template":"","format":"standard","meta":{"footnotes":""},"categories":[7],"tags":[2,69],"class_list":{"0":"post-2210","2":"type-post","3":"status-publish","4":"format-standard","5":"has-post-thumbnail","7":"category-laiskai","8":"tag-365-tekstai","9":"tag-meile"},"_links":{"self":[{"href":"https:\/\/debesyla.lt\/uzrasai\/wp-json\/wp\/v2\/posts\/2210","targetHints":{"allow":["GET"]}}],"collection":[{"href":"https:\/\/debesyla.lt\/uzrasai\/wp-json\/wp\/v2\/posts"}],"about":[{"href":"https:\/\/debesyla.lt\/uzrasai\/wp-json\/wp\/v2\/types\/post"}],"author":[{"embeddable":true,"href":"https:\/\/debesyla.lt\/uzrasai\/wp-json\/wp\/v2\/users\/1"}],"replies":[{"embeddable":true,"href":"https:\/\/debesyla.lt\/uzrasai\/wp-json\/wp\/v2\/comments?post=2210"}],"version-history":[{"count":0,"href":"https:\/\/debesyla.lt\/uzrasai\/wp-json\/wp\/v2\/posts\/2210\/revisions"}],"wp:featuredmedia":[{"embeddable":true,"href":"https:\/\/debesyla.lt\/uzrasai\/wp-json\/wp\/v2\/media\/14980"}],"wp:attachment":[{"href":"https:\/\/debesyla.lt\/uzrasai\/wp-json\/wp\/v2\/media?parent=2210"}],"wp:term":[{"taxonomy":"category","embeddable":true,"href":"https:\/\/debesyla.lt\/uzrasai\/wp-json\/wp\/v2\/categories?post=2210"},{"taxonomy":"post_tag","embeddable":true,"href":"https:\/\/debesyla.lt\/uzrasai\/wp-json\/wp\/v2\/tags?post=2210"}],"curies":[{"name":"wp","href":"https:\/\/api.w.org\/{rel}","templated":true}]}}