{"id":437,"date":"2016-10-05T19:08:22","date_gmt":"2016-10-05T17:08:22","guid":{"rendered":"http:\/\/danieliusg.lt\/?p=437"},"modified":"2021-07-21T21:24:51","modified_gmt":"2021-07-21T18:24:51","slug":"vyrai-valgantys-bananus","status":"publish","type":"post","link":"https:\/\/debesyla.lt\/uzrasai\/lv\/2016\/viriesi-ed-banani\/","title":{"rendered":"V\u012brie\u0161i, kas \u0113d ban\u0101nus: <i>vi\u0146iem ir drosme<\/i>"},"content":{"rendered":"<aside>Dienas m\u0113r\u0137is: <a href=\"https:\/\/debesyla.lt\/uzrasai\/lv\/issukis-365\/\">109<\/a> v\u0101rdus. Rakst\u012bts: <b>126<\/b>.<\/aside>\n<p><span style=\"font-size: 1.15em;\">Vi\u0146iem ir drosme b\u016bt cilv\u0113kiem. Esi tu pats.<\/span><\/p>\n<ul>\n<li style=\"text-align: left;\">Vi\u0146i s\u0113\u017e sakrustot\u0101m k\u0101j\u0101m;<\/li>\n<li style=\"text-align: left;\">Vi\u0146i staig\u0101 pa veikaliem;<\/li>\n<li style=\"text-align: left;\">Vi\u0146i m\u012bl b\u0113rnus un ne tikai savus;<\/li>\n<li style=\"text-align: left;\">Vi\u0146i negrie\u017e matus skait\u013cos;<\/li>\n<li style=\"text-align: left;\">Vi\u0146i \u0146em sievi\u0161\u0137\u012bgas meitenes par siev\u0101m;<\/li>\n<li style=\"text-align: left;\">Vi\u0146i sp\u0113l\u0113 videosp\u0113les;<\/li>\n<li style=\"text-align: left;\">Vi\u0146i \u0113d veg\u0101nu p\u0101rtiku;<\/li>\n<li style=\"text-align: left;\">Un dara visu, ko vien sp\u0113j.<\/li>\n<\/ul>\n<p>Vi\u0146i neiev\u0113ro noteikumus. Vi\u0146i veido savu.<\/p>\n<p>...T\u0101 viet\u0101, lai sl\u0113ptos zem ma\u010do trena\u017eieriem, vi\u0146\u0161 pirktu tikai melnu Audi, un grozos mekl\u0113tu blond\u012bnes ar liel\u0101m kr\u016bt\u012bm.<\/p>\n<p>Es nesaku, ka tev j\u0101k\u013c\u016bst par ban\u0101nu \u0113d\u0101ju. Es tikai saku - vi\u0146i ir <a href=\"https:\/\/debesyla.lt\/uzrasai\/lv\/dejau\/\">uzspie\u017eot tiem nepie\u0146emamus noteikumus<\/a> un dara to, ko vi\u0146i uzskata par pareizu. Varb\u016bt mums vajadz\u0113tu dar\u012bt to pa\u0161u? Dar\u012bt to, kas mums pat\u012bk?<\/p>\n<p><strong>V\u012brie\u0161i, kas \u0113d ban\u0101nus, ir v\u012brie\u0161i, kurus es apbr\u012bnoju.<\/strong><\/p>\n<p>Un es uzskatu, ka m\u0113s visi varam b\u016bt vi\u0146iem l\u012bdz\u012bg\u0101ki.<\/p>\n<p><a href=\"https:\/\/debesyla.lt\/uzrasai\/lv\/dejau\/\">\u0112dot ban\u0101nu<\/a>,<br \/>\n<strong>Daniels<\/strong><\/p>","protected":false},"excerpt":{"rendered":"<aside>Dienas m\u0113r\u0137is: <a href=\"https:\/\/debesyla.lt\/uzrasai\/lv\/issukis-365\/\">109<\/a> v\u0101rdus. Rakst\u012bts: <b>126<\/b>.<\/aside>\n<p><span style=\"font-size: 1.15em;\">Vi\u0146iem ir drosme b\u016bt cilv\u0113kiem. Esi tu pats.<\/span><\/p>","protected":false},"author":1,"featured_media":14503,"comment_status":"open","ping_status":"open","sticky":false,"template":"","format":"standard","meta":{"footnotes":""},"categories":[5],"tags":[2,73,86],"class_list":{"0":"post-437","2":"type-post","3":"status-publish","4":"format-standard","5":"has-post-thumbnail","7":"category-pamastymai","8":"tag-365-tekstai","9":"tag-drasa","10":"tag-saves-pazinimas"},"_links":{"self":[{"href":"https:\/\/debesyla.lt\/uzrasai\/lv\/wp-json\/wp\/v2\/posts\/437","targetHints":{"allow":["GET"]}}],"collection":[{"href":"https:\/\/debesyla.lt\/uzrasai\/lv\/wp-json\/wp\/v2\/posts"}],"about":[{"href":"https:\/\/debesyla.lt\/uzrasai\/lv\/wp-json\/wp\/v2\/types\/post"}],"author":[{"embeddable":true,"href":"https:\/\/debesyla.lt\/uzrasai\/lv\/wp-json\/wp\/v2\/users\/1"}],"replies":[{"embeddable":true,"href":"https:\/\/debesyla.lt\/uzrasai\/lv\/wp-json\/wp\/v2\/comments?post=437"}],"version-history":[{"count":0,"href":"https:\/\/debesyla.lt\/uzrasai\/lv\/wp-json\/wp\/v2\/posts\/437\/revisions"}],"wp:featuredmedia":[{"embeddable":true,"href":"https:\/\/debesyla.lt\/uzrasai\/lv\/wp-json\/wp\/v2\/media\/14503"}],"wp:attachment":[{"href":"https:\/\/debesyla.lt\/uzrasai\/lv\/wp-json\/wp\/v2\/media?parent=437"}],"wp:term":[{"taxonomy":"category","embeddable":true,"href":"https:\/\/debesyla.lt\/uzrasai\/lv\/wp-json\/wp\/v2\/categories?post=437"},{"taxonomy":"post_tag","embeddable":true,"href":"https:\/\/debesyla.lt\/uzrasai\/lv\/wp-json\/wp\/v2\/tags?post=437"}],"curies":[{"name":"wp","href":"https:\/\/api.w.org\/{rel}","templated":true}]}}