{"id":4303,"date":"2018-06-08T14:50:00","date_gmt":"2018-06-08T11:50:00","guid":{"rendered":"https:\/\/debesyla.lt\/uzrasai\/?p=4303"},"modified":"2021-07-07T16:29:14","modified_gmt":"2021-07-07T13:29:14","slug":"vasara-be-facebook","status":"publish","type":"post","link":"https:\/\/debesyla.lt\/uzrasai\/lv\/2018\/vasara-be-facebook\/","title":{"rendered":"<i>Aicinu pievienoties izaicin\u0101jumam!<\/i> Vasara bez Facebook!"},"content":{"rendered":"<p>Izaicin\u0101jums jums!<\/p>\n<h2><b>Kas tas ir?<\/b><\/h2>\n<p><strong>Vasara.<\/strong> No \u0161odienas (8. j\u016bnija vai v\u0113l\u0101k, ja pievienojaties) l\u012bdz 1. septembra plkst. 00:00. Vai ar\u012b \u012bs\u0101k, ja v\u0113laties - tikai m\u0113nesi vai ned\u0113\u013cu. Bet es dar\u012b\u0161u 3 m\u0113ne\u0161us, jo laika apst\u0101k\u013ci ir lieliski un vasara ir lielisks laiks, lai koncentr\u0113tos!<\/p>\n<h2><b>Ko dar\u012bt?<\/b><\/h2>\n<p><strong>Esi Facebook<\/strong> (www.facebook.com). <strong>Neizmantojiet savu kontu.<\/strong><\/p>\n<h2><b>Vai kaut k\u0101 tr\u016bkst?<\/b><\/h2>\n<p>Es t\u0101 nedom\u0101ju - tas nenoz\u012bm\u0113, ka FB Messenger ir j\u0101izdz\u0113\u0161 no t\u0101lru\u0146a vai datora (www.messenger.com) - j\u016bs joproj\u0101m varat sazin\u0101ties ar visiem draugiem, \u0123imenes locek\u013ciem, pazi\u0146\u0101m un pazi\u0146\u0101m da\u017eu mirk\u013cu laik\u0101. Ja v\u0113laties.<\/p>\n<p>Protams, ja v\u0113laties, varat piln\u012bb\u0101 deaktiviz\u0113t kontu. Es vienk\u0101r\u0161i p\u0101rtraucu apmekl\u0113t vietni www.facebook.com sav\u0101 t\u0101lrun\u012b (izmantojot lietotni) vai dator\u0101, un, ja esmu patie\u0161\u0101m aiz\u0137\u0113ries, blo\u0137\u0113ju to. <a href=\"https:\/\/debesyla.lt\/uzrasai\/lv\/tm\/blokavimas\/\">izmantojot k\u0101du no \u0161\u0101d\u0101m lietojumprogramm\u0101m<\/a>.<\/p>\n<h2><b>K\u0101p\u0113c? <\/b><\/h2>\n<p>Jo tas ir labi.<\/p>\n<h2><b>N\u0113, nopietni, k\u0101p\u0113c labi?<\/b><\/h2>\n<p>Par...<\/p>\n<ul>\n<li><b>Laika tr\u016bkums? <\/b>Ja esat vid\u0113jais lietuvietis, ir iesp\u0113jams, ka ik dienu pavad\u0101t vismaz 1-2 stundas Facebook t\u012bkl\u0101. Neticat? Tad pam\u0113\u0123iniet to dar\u012bt ned\u0113\u013cu pirms <a href=\"https:\/\/debesyla.lt\/uzrasai\/lv\/laikas-internete\/\">k\u0101du no \u0161iem vienk\u0101r\u0161ajiem veidiem, k\u0101 tie\u0161saist\u0113 saskait\u012bt \u0161o laiku.<\/a>.<\/li>\n<li><b>Vai jums ir apnicis, ka Dalbajobes prasa j\u016bsu uzman\u012bbu, laiku, pal\u012bdz\u012bbu un...? <\/b><b>Ziniet, ko - lai gan vi\u0146i nep\u0101rst\u0101s to dar\u012bt (jo vi\u0146i ir tik st\u016brgalv\u012bgi), tagad vi\u0146i to pras\u012bs maz\u0101k. J\u016bs varat vi\u0146iem pateikt <em>\"Klus\u0113, draugs, man nav laika \u0161im s\u016bdam.\"<\/em> Vai ar\u012b kaut ko jauk\u0101ku. Tas ir atkar\u012bgs no jums.<\/b><\/li>\n<li><b>Iespr\u016bda galv\u0101? Stulbas \"zi\u0146as\", idiotiskas memes, interneta skand\u0101li un klik\u0161\u0137u virsraksti, piem\u0113ram, \"Noklik\u0161\u0137iniet \u0161eit, un tas izspr\u0101gst j\u016bsu smadzenes\"?<\/b> <b>Es dom\u0101ju, ka, ja maz\u0101k laika velt\u012bsiet surog\u0101tpastam, var\u0113siet las\u012bt un skat\u012bties vair\u0101k noder\u012bgu materi\u0101lu. <a href=\"https:\/\/debesyla.lt\/uzrasai\/lv\/knygu-skaitymo-issukis\/\">gr\u0101matas<\/a>, <a href=\"https:\/\/debesyla.lt\/uzrasai\/lv\/geriausi-tinklarasciai-tobulejimui\/\">Lietuvie\u0161u<\/a> un <a href=\"https:\/\/debesyla.lt\/uzrasai\/lv\/saviugda-pasaulyje\/\">Ang\u013cu valod\u0101<\/a> emu\u0101ri, <a href=\"https:\/\/www.egu.lt\" target=\"_blank\" rel=\"noopener\">semin\u0101ri<\/a>, <a href=\"https:\/\/onbo.lt\" target=\"_blank\" rel=\"noopener\">programmas<\/a>... vai ar\u012b, beidzot, aiziet uz to \u0146urdo\u0161o te\u0101tri, par kuru sieva, v\u012brs vai dv\u0113sele tev jau piecus m\u0113ne\u0161us \u010dukst uz auss.<\/b><b><\/b><\/li>\n<\/ul>\n<h2><b>Bet ko dar\u012bt, ja es to nev\u0113los?<\/b><\/h2>\n<p>T\u0101 ir j\u016bsu probl\u0113ma.<\/p>\n<h2><b>Ko dar\u012bt, ja es v\u0113los?<\/b><\/h2>\n<p>T\u0101 ir m\u016bsu probl\u0113ma.<\/p>\n<p>Ta\u010du tie\u0161i t\u0101 ir probl\u0113ma - ja jums tas nepat\u012bk, j\u016bs varat vienk\u0101r\u0161i pamest eksperimenta vid\u016b. Neviens j\u016bs nesod\u012bs. Svar\u012bg\u0101kais ir tas, ka jums ir jautri.<\/p>\n<h2><b>Kas man j\u0101dara, lai s\u0101ktu?<\/b><\/h2>\n<p><strong>Vienk\u0101r\u0161i s\u0101ciet.<\/strong>P\u0113c br\u012b\u017ea es jums snieg\u0161u da\u017eus ieteikumus par to, ko j\u016bs var\u0113tu dar\u012bt, bet jebkur\u0101 gad\u012bjum\u0101 s\u0101kums ir s\u0101kums. <strong>Ievadv\u0101rdi nav nepiecie\u0161ami.<\/strong><\/p>\n<h2><b>Kad m\u0113s s\u0101kam?<\/b><\/h2>\n<p>Es - 8. j\u016bnij\u0101.<strong> Bet j\u016bs varat jebkur\u0101 laik\u0101<\/strong>- \u0101tr\u0101k, v\u0113l\u0101k, kaut kur cit\u0101 dimensij\u0101 un izmantojot citu kalend\u0101ru... \u012as\u0101k sakot, tas ir atkar\u012bgs no jums - es par jums ner\u016bp\u0113\u0161os.<\/p>\n<p><b>ATCERIETIES VIENU SVAR\u012aGU LIETU: <\/b>Nav svar\u012bgi, vai kaut kas jau ir s\u0101cies - vienm\u0113r varat pievienoties vid\u016b vai beig\u0101s atk\u0101rtot!<\/p>\n<h2><b>Ieteikumi?<\/b><\/h2>\n<p>No savas pieredzes es varu jums past\u0101st\u012bt sekojo\u0161o. <a href=\"https:\/\/debesyla.lt\/uzrasai\/lv\/menuo-be-interneto\/\">Dz\u012bvo\u0161ana bez interneta 3 m\u0113ne\u0161us<\/a>:<\/p>\n<ul>\n<li><strong>Varb\u016bt j\u016bs dom\u0101jat, ka Facebook ir vajadz\u012bgs j\u016bsu darbam.\u00a0<\/strong>Iesp\u0113jams, t\u0101 ir taisn\u012bba. Bet tad atcerieties \u0161o izaicin\u0101jumu, kad dodaties vasaras br\u012bvdien\u0101s vai garaj\u0101 ned\u0113\u013cas nogal\u0113. Tur noteikti b\u016bs da\u017ei. Padoms: JONINES + <a href=\"https:\/\/www.youtube.com\/watch?v=V4veBuE_QA0\" target=\"_blank\" rel=\"noopener\">MINDY<\/a>.<\/li>\n<li><strong>Ja jums ir j\u0101sagatavo...<\/strong>\u00a0Gatavojieties. J\u016bs varat iepriek\u0161 pabeigt svar\u012bg\u0101kas lietas, nos\u016bt\u012bt \u012bszi\u0146as saviem draugiem, ieg\u016bt vi\u0146u \u012bst\u0101s pastkast\u012btes, lai nos\u016bt\u012btu v\u0113stuli vai pastkarti no j\u016bsu br\u012bvdienu galam\u0113r\u0137a... ja nepiecie\u0161ams.<\/li>\n<li><strong>Tas ir viegl\u0101k, nek\u0101 \u0161\u0137iet.<\/strong><\/li>\n<\/ul>\n<p>Vai j\u016bs pievienosieties?<\/p>\n<div id=\"parasas\" class=\"\"><svg viewbox=\"0 0 900 189\" width=\"200\">\n        <path class=\"d-1\" d=\"M67 50L5 172\"\/>\n        <path class=\"d-2\" d=\"M19 152c7 8 30 33 59 32 41-1 76-46 80-100 2-22-6-77-42-79C61 2-1 54 46 76\"\/>\n        <path class=\"a\" d=\"M204 126.9c1.4-6-1-23.7-8.8-23.3-33.2 1-44 50-31 54 11 3 22-10 36-25 2-3 14 9 25 10\"\/>\n        <path class=\"nie\" d=\"M211 157c45-44 65-58 70-54 6 5-16 42-12 45 6 4 47-55 57-49 7 4-7 34 4 47 8 11 20 7 28 1 18-14 28-28 27-22s-5 38 46 16c21-9 22-29 13-36-3-2-16 6-16 16-1 18 14 29 37 28\"\/>\n        <path class=\"t-1\" d=\"M387 80a1 1 0 1 0 2 0 1 1 0 1 0-2 0\"\/>\n        <path class=\"liu\" d=\"M444 184C549 88 546 23 536 23c-19 0-57 74-57 122 0 4 5 13 13 16 5 3 11 2 16 1 6-1 11-6 17-10l39-32c0 6-2 8-3 14-2 7-2 10 1 14l5 4c6 3 14 1 20-1 17-7 26-19 44-29 3-1 8-4 12-2l5 6c4 11 1 16 4 22s13 10 20 8 12-9 13-14l4-13 3-5 6-4 13-5c3-1 6-3 10-8\"\/>\n        <path class=\"t-2\" d=\"M576 85a1 1 0 1 0 2 0 1 1 0 1 0-2 0\"\/>\n        <path class=\"s-1\" d=\"M720 142c8 2 27 3 35-3 6-4-18-36-22-32-3 4-6 19-30 65\"\/>\n        <path class=\"s-2\" d=\"M756 140c4-1 9-4 12-8\"\/><\/svg>\n    <\/div>\n    <noscript><img decoding=\"async\" src=\"https:\/\/debesyla.lt\/uzrasai\/wp-content\/themes\/debesyla-uzrasai-child\/inc\/img\/fallback-parasas.png\" alt=\"Daniels\" style=\"top: -2.5em; position: relative;\"><\/noscript>","protected":false},"excerpt":{"rendered":"<p>Izaicin\u0101jums jums!<\/p>","protected":false},"author":1,"featured_media":15026,"comment_status":"open","ping_status":"closed","sticky":false,"template":"","format":"standard","meta":{"footnotes":""},"categories":[27],"tags":[61],"class_list":{"0":"post-4303","2":"type-post","3":"status-publish","4":"format-standard","5":"has-post-thumbnail","7":"category-issukiai","8":"tag-soc-tinklai"},"_links":{"self":[{"href":"https:\/\/debesyla.lt\/uzrasai\/lv\/wp-json\/wp\/v2\/posts\/4303","targetHints":{"allow":["GET"]}}],"collection":[{"href":"https:\/\/debesyla.lt\/uzrasai\/lv\/wp-json\/wp\/v2\/posts"}],"about":[{"href":"https:\/\/debesyla.lt\/uzrasai\/lv\/wp-json\/wp\/v2\/types\/post"}],"author":[{"embeddable":true,"href":"https:\/\/debesyla.lt\/uzrasai\/lv\/wp-json\/wp\/v2\/users\/1"}],"replies":[{"embeddable":true,"href":"https:\/\/debesyla.lt\/uzrasai\/lv\/wp-json\/wp\/v2\/comments?post=4303"}],"version-history":[{"count":0,"href":"https:\/\/debesyla.lt\/uzrasai\/lv\/wp-json\/wp\/v2\/posts\/4303\/revisions"}],"wp:featuredmedia":[{"embeddable":true,"href":"https:\/\/debesyla.lt\/uzrasai\/lv\/wp-json\/wp\/v2\/media\/15026"}],"wp:attachment":[{"href":"https:\/\/debesyla.lt\/uzrasai\/lv\/wp-json\/wp\/v2\/media?parent=4303"}],"wp:term":[{"taxonomy":"category","embeddable":true,"href":"https:\/\/debesyla.lt\/uzrasai\/lv\/wp-json\/wp\/v2\/categories?post=4303"},{"taxonomy":"post_tag","embeddable":true,"href":"https:\/\/debesyla.lt\/uzrasai\/lv\/wp-json\/wp\/v2\/tags?post=4303"}],"curies":[{"name":"wp","href":"https:\/\/api.w.org\/{rel}","templated":true}]}}