{"id":3675,"date":"2017-09-04T15:15:20","date_gmt":"2017-09-04T12:15:20","guid":{"rendered":"https:\/\/debesyla.lt\/uzrasai\/?p=3675"},"modified":"2021-07-07T15:02:26","modified_gmt":"2021-07-07T12:02:26","slug":"remigijus-simasius-gyvenimo-prasme-vilnius","status":"publish","type":"post","link":"https:\/\/debesyla.lt\/uzrasai\/lv\/2017\/remigius-simasius-dzives-nozime-vilna\/","title":{"rendered":"<i>Remigijs \u0160ima\u0161ius:<\/i> K\u0101da ir manas dz\u012bves j\u0113ga un k\u0101 k\u013c\u016bt par politi\u0137i"},"content":{"rendered":"<p>Remigijus \u0160ima\u0161ius: biju\u0161ais Lietuvas tieslietu ministrs un Seima loceklis, tagad str\u0101d\u0101 par Vi\u013c\u0146as m\u0113ru un ar savu sparu apbr\u012bno internetu. Vai esat dzird\u0113ju\u0161i par \u0161o?<\/p>\n<p>\u0160odien es tie\u0161i ar vi\u0146u run\u0101ju - <strong>Remigijs \u0160ima\u0161ius!<\/strong><\/p>\n<p>Vi\u0146\u0161 pateiks:<\/p>\n<ol>\n<li>Ko j\u016bs ieteiktu cilv\u0113kiem no Debes, kuri mekl\u0113 specialit\u0101ti?<\/li>\n<li>K\u0101 k\u013c\u016bt par politi\u0137i un Vi\u013c\u0146as m\u0113ru?<\/li>\n<li>K\u0101da vienk\u0101r\u0161a metode padar\u012btu Lietuvu par lab\u0101ku dz\u012bvesvietu?<\/li>\n<li>K\u0101 rea\u0123\u0113t uz citu cilv\u0113ku negat\u012bviem viedok\u013ciem?<\/li>\n<li>Ko j\u016bs m\u0101c\u0101ties, b\u016bdams lielas pils\u0113tas m\u0113rs?<\/li>\n<\/ol>\n<p>...Un v\u0113l \u0161is un tas. J\u0101. Es tikko atdevu to, ko j\u016bs atrad\u012bsit \u0161aj\u0101 t\u0113rz\u0113\u0161an\u0101, t\u0101p\u0113c s\u0101ksim? \ud83d\ude09<\/p>\n<figure><img decoding=\"async\" class=\"aligncenter size-full wp-image-15323\" src=\"https:\/\/debesyla.lt\/uzrasai\/wp-content\/uploads\/sites\/5\/2019\/10\/remigijus-simasius-gyvenimo-prasme-ir-kaip-tampama-politikais-debesyliskas-pokalbis-su-dabartiniu-vilniaus-meru.jpg\" alt=\"\" width=\"955\" height=\"540\" srcset=\"https:\/\/debesyla.lt\/uzrasai\/wp-content\/uploads\/sites\/5\/2019\/10\/remigijus-simasius-gyvenimo-prasme-ir-kaip-tampama-politikais-debesyliskas-pokalbis-su-dabartiniu-vilniaus-meru.jpg 955w, https:\/\/debesyla.lt\/uzrasai\/wp-content\/uploads\/sites\/5\/2019\/10\/remigijus-simasius-gyvenimo-prasme-ir-kaip-tampama-politikais-debesyliskas-pokalbis-su-dabartiniu-vilniaus-meru-600x338.jpg 600w, https:\/\/debesyla.lt\/uzrasai\/wp-content\/uploads\/sites\/5\/2019\/10\/remigijus-simasius-gyvenimo-prasme-ir-kaip-tampama-politikais-debesyliskas-pokalbis-su-dabartiniu-vilniaus-meru-768x434.jpg 768w\" sizes=\"(max-width: 955px) 100vw, 955px\" \/><\/figure>\n<h3><strong>Jums ir j\u0101sazin\u0101s ar bezgal\u012bgi daudz da\u017e\u0101du cilv\u0113ku. Ar kuriem cilv\u0113kiem ir visviegl\u0101k sazin\u0101ties?<\/strong><\/h3>\n<p>Visviegl\u0101k ir sazin\u0101ties ar tiem, kuri ir drosm\u012bgi. Kurus nevajag vilkt aiz m\u0113les, kas var izteikt savu viedokli un ieteikumus un pozit\u012bvi raudz\u012bties uz dz\u012bvi. Un vienalga, dz\u012bv\u0113 man pat\u012bk cilv\u0113ki, kas mekl\u0113 risin\u0101jumus, nevis probl\u0113mas.<\/p>\n<p>Ir cilv\u0113ki, kuri katr\u0101 probl\u0113m\u0101 saskata risin\u0101jumu un ir cilv\u0113ki, kuri katr\u0101 risin\u0101jum\u0101 saskata probl\u0113mu \u2013 ir dabiski, ka pat\u012bkam\u0101k ir komunic\u0113t ar cilv\u0113kiem, kuri visur redz risin\u0101jumus. Tad komunik\u0101cijas rezult\u0101ti ir lab\u0101ki, kas ar\u012b ir svar\u012bgi.<\/p>\n<h3><strong>Vai varat dot padomu eso\u0161ajiem studentiem, k\u0101 izv\u0113l\u0113ties specialit\u0101ti un nek\u013c\u016bd\u012bties? K\u0101 atkl\u0101t savu aicin\u0101jumu?<\/strong><\/h3>\n<p>Mans ieteikums \u0161aj\u0101 gad\u012bjum\u0101 b\u016btu vien\u012bgais:<\/p>\n<p>M\u0113\u0123iniet distanc\u0113ties no citu cilv\u0113ku ietekmes un iedzi\u013cinieties taj\u0101, kas jums patie\u0161\u0101m pat\u012bk visvair\u0101k.<\/p>\n<p>No vienas puses, tas var \u0161\u0137ist \u013coti vienk\u0101r\u0161s padoms, bet t\u0101 nav.\u00a0<strong>Ja j\u016bs tik labi izkrat\u012btu sevi un uzzin\u0101tu, ko un k\u0101p\u0113c j\u016bs dom\u0101jat,<\/strong> var likties, ka viena vai otra lieta \u013coti pat\u012bk, bet paties\u012bb\u0101 tas ir tikai sabiedr\u012bbas uzspiests t\u0113ls vai vec\u0101ku uzlikts z\u012bmogs, draugu viedoklis, iedom\u0101joties, ka b\u016bs vair\u0101k vai maz\u0101k izdev\u012bgi, viegl\u0101k vai gr\u016bt\u0101k.. .<\/p>\n<p>...Un tie\u0161\u0101m vajag m\u0113\u0123in\u0101t sajust to, ko v\u0113lies.<\/p>\n<h3><strong>Un ja tev pat\u012bk daudzas lietas \u2013 piem\u0113ram, gan v\u0113sture, gan biolo\u0123ija?<\/strong><\/h3>\n<p>T\u0101 jau ir probl\u0113ma *smejas*. Kad tev pat\u012bk viena lieta, viss ir \u013coti skaidrs. Un, kad viss pat\u012bk, vajag rakt dzi\u013c\u0101k \u2013 vai t\u0101 ir v\u0113lme izpild\u012bt sabiedr\u012bbas uzspiesto standartu, vai t\u0101 ir re\u0101la izv\u0113le.<\/p>\n<p>Ja iedzi\u013cin\u0101sieties pietiekami dzi\u013ci, j\u016bs joproj\u0101m atkl\u0101siet, ka da\u017eas lietas jums pat\u012bk vair\u0101k. \u0160eit ir lietas b\u016bt\u012bba.<\/p>\n<p><strong>Kas notiks p\u0113c tam?<\/strong> Tas joproj\u0101m b\u016bs labi, bet ir svar\u012bgi, lai s\u0101kums b\u016btu kaut kas t\u0101ds, kas jums pat\u012bk.<\/p>\n<p>V\u0113l\u0101k lietas var nedaudz main\u012bties \u2013 var s\u0101kt patikt citas lietas vai ar\u012b b\u016bs iesp\u0113jas cit\u0101s jom\u0101s.<\/p>\n<h3><strong>Iedom\u0101jieties situ\u0101ciju \u2013 tikai p\u0113c studiju beig\u0161anas cilv\u0113kam ir \u013coti skaidrs n\u0101kotnes pl\u0101ns, tostarp konkr\u0113ts uz\u0146\u0113mums, kur\u0101 vi\u0146\u0161 v\u0113l\u0113tos str\u0101d\u0101t. Tom\u0113r ko neieteiktu dar\u012bt, lai v\u0113l\u0101k neb\u016btu j\u0101no\u017e\u0113lo?<\/strong><\/h3>\n<p>Es neieteiktu jums iet t\u0101l\u0101k par mor\u0101les standartiem, lai ar\u012b k\u0101di b\u016btu j\u016bsu pl\u0101ni. Bet es dom\u0101ju, ka paties\u012bb\u0101 ir daudz dar\u0101m\u0101 un daudz dar\u0101m\u0101. Un tas ir dabiski, ka vism\u012b\u013c\u0101kais darbs vai iecien\u012bt\u0101k\u0101 karjera \u012bsti nes\u0101kas ar lielu pe\u013c\u0146u, augstiem amatiem vai \u013coti augstu nov\u0113rt\u0113jumu.<\/p>\n<p>Viss s\u0101kas ar to, ko j\u016bs v\u0113l\u0113tos ieg\u016bt pieredzes zi\u0146\u0101, no p\u0101rbaudes.<\/p>\n<p>T\u0101p\u0113c ir diezgan lo\u0123iski dom\u0101t, ka ir j\u0101dara daudz, lai taj\u0101 jom\u0101 kaut ko izdar\u012btu un no\u0137ertu to savu sapni. Un maz\u0101k dom\u0101t, ka varb\u016bt tev kaut kas nepat\u012bk, varb\u016bt tas nav iesp\u0113jams.<\/p>\n<h3><strong>K\u0101ds Debesila sekot\u0101js nol\u0113mis iet j\u016bsu p\u0113d\u0101s un k\u013c\u016bt par politi\u0137i. K\u0101du padomu j\u016bs vi\u0146am dotu? K\u0101di pas\u0101kumi b\u016btu j\u0101veic? Kas b\u016btu svar\u012bg\u0101kais?<\/strong><\/h3>\n<p>Man ir specifiska pieeja politikai \u2013 da\u017ei uzskata, ka politika ir specialit\u0101te. <strong>Es t\u0101 nedom\u0101ju.<\/strong> Politika ir soci\u0101l\u0101s izpausmes veids. Cilv\u0113kam, kur\u0161 iet politik\u0101, ir j\u0101b\u016bt tieksmei uz publisku ideju p\u0101rst\u0101v\u012bbu, izpausmi un aizst\u0101v\u0113\u0161anu.<\/p>\n<p>Jums ir j\u0101atbild sev uz \u0161\u0101du jaut\u0101jumu - ja skolot\u0101js prezent\u0113 noteiktu l\u0113mumu, nep\u0101rrun\u0101jot to ar klasi, un visi klus\u0113, baidoties vi\u0146am pretrun\u0101t - vai j\u016bs b\u016bsiet tas, kur\u0161 piecelsies un teiks - n\u0113, m\u0113s dom\u0101jam sav\u0101d\u0101k, vai es dom\u0101ju, ka vajadz\u0113tu dar\u012bt sav\u0101d\u0101k - neuzdro\u0161in\u0101sies?<\/p>\n<p>T\u0101p\u0113c ir svar\u012bgi nebaid\u012bties, dar\u012bt, izr\u0101d\u012bt iniciat\u012bvu un varb\u016bt tas ce\u013c\u0161 ved\u012bs uz politiku. <strong>Vismaz man t\u0101 notika. <\/strong><\/p>\n<p>Un, ja j\u016bs neesat tas cilv\u0113ks, bet v\u0113laties b\u016bt, tagad ir lab\u0101kais br\u012bdis - ejiet un dariet to. Ja v\u0113laties b\u016bt politi\u0137is, jums j\u0101s\u0101k run\u0101t tagad. Protams, nekad nav par v\u0113lu, bet jo lab\u0101k \u0101tr\u0101k.<\/p>\n<p>Uz\u0146emties iniciat\u012bvu kaut ko rad\u012bt, sniegt ieteikumus, k\u0101 var\u0113tu b\u016bt lab\u0101k, nebaid\u012bties iebilst, ja kaut kas tiek dar\u012bts ne glu\u017ei pareizi.<\/p>\n<h3><strong>Pirms cik ilga laika j\u016bs piev\u0113rs\u0101ties politikai un k\u0101p\u0113c?<\/strong><\/h3>\n<p>Skatoties, kad j\u0101skaita br\u012bdis, kad nok\u013cuvu politik\u0101. Ja tas b\u016btu 1998. gads, kop\u0161 es pirmo reizi piedal\u012bjos v\u0113l\u0113\u0161an\u0101s. Tad piedal\u012bjos Vi\u013c\u0146as domes v\u0113l\u0113\u0161an\u0101s. L\u012bdz tam piedal\u012bjos Liber\u0101l\u0101s partijas un Liber\u0101l\u0101s jaunatnes organiz\u0101cijas aktivit\u0101t\u0113s.<\/p>\n<p>Man jau iepriek\u0161 t\u0101s idejas interes\u0113ja, daudz las\u012bju. Un es dom\u0101ju, ka cilv\u0113kiem ir j\u0101b\u016bt br\u012bv\u012bbai izteikties. Tas k\u013c\u016bst \u013coti satrauco\u0161i, ja k\u0101ds s\u0101k k\u0101pt uz citu cilv\u0113ku galv\u0101m, ar\u012b man pa\u0161am.<\/p>\n<p>J\u016bs v\u0113laties dz\u012bvot dz\u012bvi, kas ir norm\u0101la veiksm\u012bga cilv\u0113ka dz\u012bve. Un t\u0101 k\u0101 manas person\u012bbas iez\u012bmes ac\u012bmredzot ir t\u0101das - ja ne es, tad k\u0101ds cits -, t\u0101p\u0113c es nok\u013cuvu politik\u0101. Vispirms bija gr\u0101matas, p\u0113c tam - politisk\u0101s aktivit\u0101tes.<\/p>\n<h3><strong>Kuras gr\u0101matas uz tevi ir atst\u0101ju\u0161as visliel\u0101ko iespaidu?<\/strong><\/h3>\n<p>Fr\u012bdriha fon Hajeka &quot;Verdz\u012bba&quot;, izdota 1990. gad\u0101. T\u0101 ir klasika, paz\u012bstama jau daudzus, daudzus gadus.<\/p>\n<h3><strong>J\u016bs esat re\u0123istr\u0113ts da\u017eos soci\u0101lajos t\u012bklos, piem\u0113ram, <a href=\"https:\/\/www.facebook.com\/remigijus.simasius\" target=\"_blank\" rel=\"noopener\">Facebook<\/a>, <a href=\"https:\/\/www.instagram.com\/remigijussimasius\/\" target=\"_blank\" rel=\"noopener\">Instagram<\/a>, <a href=\"https:\/\/plus.google.com\/+Remigijus%C5%A0ima%C5%A1ius\" target=\"_blank\" rel=\"noopener\">Google+<\/a> - ko vi\u0146i tev dod?<\/strong><\/h3>\n<p>Soci\u0101lo t\u012bklu negat\u012bv\u0101 puse ir t\u0101da, ka nav skaidras robe\u017eas starp person\u012bgo un soci\u0101lo telpu. Beig\u0101s non\u0101cu pie secin\u0101juma, ka nevar\u0113tu draudz\u012bgi komunic\u0113t un taj\u0101 pa\u0161\u0101 laik\u0101 b\u016bt ofici\u0101lai personai. Google+ ir atrisin\u0101jis \u0161o probl\u0113mu pag\u0101tn\u0113, tagad ar\u012b Facebook ir risin\u0101jumi.<\/p>\n<p>Un man k\u0101 politi\u0137im ir dabiski, ka soci\u0101lie t\u012bkli ir ar\u012b politisk\u0101s darb\u012bbas instruments. Tas ir veids, k\u0101 sazin\u0101ties ar cilv\u0113kiem un izteikt savas domas. Un tom\u0113r soci\u0101lie t\u012bkli man nav sazi\u0146as l\u012bdzeklis ar draugiem. Es tos izmantoju k\u0101 publisku personu, un tas ir lielisks komunik\u0101cijas instruments.<\/p>\n<h3><strong>K\u0101 virsnieks j\u016bs sa\u0146emat pietiekami daudz atsauksmju, gan pozit\u012bvu, gan kritisku. K\u0101 j\u016bs uz tiem rea\u0123\u0113jat?<\/strong><\/h3>\n<p>Es saku &quot;paldies&quot; pozit\u012bvajiem, nemetu zibens par negat\u012bv\u0101m atsauksm\u0113m. Galu gal\u0101 tie ir ar\u012b negat\u012bvi da\u017e\u0101du iemeslu d\u0113\u013c.<\/p>\n<p>Ja ir probl\u0113ma, t\u0101 ir j\u0101risina.<\/p>\n<p>Un, ja cilv\u0113ks p\u0113c savas dabas ir dusm\u012bgs, jums ir j\u0101p\u0101rbauda, vai tas ir patiesas probl\u0113mas vai citu iemeslu d\u0113\u013c. Protams, ja laipn\u012bba b\u016btu sp\u0113c\u012bg\u0101ka emocija par dusm\u0101m, cilv\u0113ki, kas ierad\u0101s m\u012bti\u0146os, visiem gar\u0101mg\u0101j\u0113jiem pasniegtu maizi.<\/p>\n<h3><strong>K\u0101dus ieguvumus j\u016bs ieg\u016btu, ja vair\u0101k pils\u0113tas iedz\u012bvot\u0101ju piedal\u012btos viet\u0113jo kopienu aktivit\u0101t\u0113s?<\/strong><\/h3>\n<p>Cilv\u0113ki, kas dz\u012bvo \u0161aj\u0101 viet\u0101, vislab\u0101k zina sniegumu un probl\u0113mas.\u00a0<strong>B\u016btisk\u0101k\u0101 lieta<\/strong> - ja cilv\u0113ki ir akt\u012bvi, pa\u0161vald\u012bbai vi\u0146iem ir j\u0101pal\u012bdz un es to apzin\u0101ti veicinu.<\/p>\n<p>Tie\u0161i cilv\u0113kiem, kuri izr\u0101da iniciat\u012bvu, sazinoties ar pa\u0161vald\u012bbu var\u0113tu sasniegt konkr\u0113t\u0101kus rezult\u0101tus.<\/p>\n<p>Pie\u0146emsim, ka ir divi pagalmi. Un tie daudzdz\u012bvok\u013cu m\u0101ju pagalmi nav \u012bpa\u0161i sakopti. Vien\u0101 no tiem sapulc\u0113j\u0101s cilv\u0113ki un teica &quot;Kaut ko jau esam izdar\u012bju\u0161i, v\u0113l pa\u0161i organiz\u0113sim, bet grib\u0113tos, lai pa\u0161vald\u012bba pal\u012bdz\u0113tu kaut ko citu.&quot;. Blakuspagalma iedz\u012bvot\u0101ji vienk\u0101r\u0161i l\u016bdz pal\u012bdz\u012bbu.<\/p>\n<p>\u2026Protams, m\u0113s vispirms pal\u012bdz\u0113sim tiem, kas pieliek p\u016bles savas vides p\u0101rvald\u012bb\u0101 un kuriem ir konkr\u0113ts pl\u0101ns, ko vi\u0146i var dar\u012bt pa\u0161i un k\u0101 m\u0113s varam vi\u0146iem pal\u012bdz\u0113t.<\/p>\n<p>K\u0101 pa\u0161vald\u012bb\u0101, t\u0101 ar\u012b valsts sektor\u0101 - daudzi rezult\u0101ti nav zin\u0101\u0161anu tr\u016bkuma d\u0113\u013c, bet gan t\u0101p\u0113c <strong>v\u0113lme<\/strong> <strong>sasniegt rezult\u0101tu<\/strong> promb\u016btne<\/p>\n<h3><strong>K\u0101du pils\u0113tu j\u016bs redzat n\u0101kotn\u0113?<\/strong><\/h3>\n<p>Augo\u0161a, starptautiska, kosmopol\u012btiska pils\u0113ta ar labi apmaks\u0101tu darbu. Mums vajag vair\u0101k starptautisku uz\u0146\u0113mumu, vair\u0101k p\u0101rvieto\u0161an\u0101s, vair\u0101k ce\u013cot\u0101ju, vair\u0101k cilv\u0113ku, kas \u0161eit ierodas biznesa vai atp\u016btas nol\u016bkos.<\/p>\n<h3>Paldies par sarunu, <strong>Remiks\u0113ts!<\/strong><\/h3>\n<p>T\u0101tad galvaspils\u0113tas m\u0113rs nav tik mistiska b\u016btne, k\u0101 tas var\u0113tu likties parastai c\u016bkai. Raud\u0101t. Vi\u0146\u0161, t\u0101pat k\u0101 daudzi soci\u0101li atbild\u012bgi un akt\u012bvi Lietuvas pilso\u0146i (kuru netr\u016bkst ar\u012b \u0161\u012b bloga las\u012bt\u0101ju), nov\u0113l Lietuvai labu, mudinot ikvienu dot savu ieguld\u012bjumu ar sav\u0101m idej\u0101m, ap\u0146\u0113m\u012bbu un darbu.<\/p>\n<p>Aizraujo\u0161i ir ar\u012b tas, ka Remigijus \u0160ima\u0161ius iesaka saskat\u012bt probl\u0113mas, bet ne tikai par t\u0101m run\u0101t, <strong>un r\u012bkoties<\/strong> lai t\u0101s izkustin\u0101tu no n\u0101ves punkta.<\/p>\n<p>...Un nov\u0113lu ar\u012b nebaid\u012bties m\u0113\u0123in\u0101t un mekl\u0113t atbildes vispirms sev\u012b! Es uzskatu, ka m\u0113s neesam pirmie, kas jums to st\u0101sta. Vai n\u0113?<\/p>\n<p>Tavs draugs<br \/>\n<strong>C\u016bka Antanas<\/strong><\/p>\n<p><strong>P.S<\/strong> M\u0101ko\u0146meitene pal\u012bdz\u0113ja siv\u0113nam rakst\u012bt <a href=\"https:\/\/www.linkedin.com\/in\/daliasipaviciute\/\" target=\"_blank\" rel=\"noopener\">Da\u013ca Sipavi\u010d\u016bte<\/a>, veicot publisk\u0101s runas un augst\u0101k\u0101 l\u012bme\u0146a vad\u012bt\u0101ju apm\u0101c\u012bbas un klaus\u012b\u0161an\u0101s. Zini, gr\u016bti ar nagiem tr\u0101p\u012bt pa tastat\u016bras burtiem!<\/p>","protected":false},"excerpt":{"rendered":"<p>Remigijus \u0160ima\u0161ius: biju\u0161ais Lietuvas tieslietu ministrs un Seima loceklis, tagad str\u0101d\u0101 par Vi\u013c\u0146as m\u0113ru un ar savu sparu apbr\u012bno internetu. Vai esat dzird\u0113ju\u0161i par \u0161o?<\/p>","protected":false},"author":2,"featured_media":15323,"comment_status":"open","ping_status":"closed","sticky":false,"template":"","format":"standard","meta":{"footnotes":""},"categories":[6],"tags":[63,93,49,47],"class_list":{"0":"post-3675","2":"type-post","3":"status-publish","4":"format-standard","5":"has-post-thumbnail","7":"category-interviu","8":"tag-demokratija","9":"tag-politika","10":"tag-produktyvumas","11":"tag-santykiai"},"_links":{"self":[{"href":"https:\/\/debesyla.lt\/uzrasai\/lv\/wp-json\/wp\/v2\/posts\/3675","targetHints":{"allow":["GET"]}}],"collection":[{"href":"https:\/\/debesyla.lt\/uzrasai\/lv\/wp-json\/wp\/v2\/posts"}],"about":[{"href":"https:\/\/debesyla.lt\/uzrasai\/lv\/wp-json\/wp\/v2\/types\/post"}],"author":[{"embeddable":true,"href":"https:\/\/debesyla.lt\/uzrasai\/lv\/wp-json\/wp\/v2\/users\/2"}],"replies":[{"embeddable":true,"href":"https:\/\/debesyla.lt\/uzrasai\/lv\/wp-json\/wp\/v2\/comments?post=3675"}],"version-history":[{"count":0,"href":"https:\/\/debesyla.lt\/uzrasai\/lv\/wp-json\/wp\/v2\/posts\/3675\/revisions"}],"wp:featuredmedia":[{"embeddable":true,"href":"https:\/\/debesyla.lt\/uzrasai\/lv\/wp-json\/wp\/v2\/media\/15323"}],"wp:attachment":[{"href":"https:\/\/debesyla.lt\/uzrasai\/lv\/wp-json\/wp\/v2\/media?parent=3675"}],"wp:term":[{"taxonomy":"category","embeddable":true,"href":"https:\/\/debesyla.lt\/uzrasai\/lv\/wp-json\/wp\/v2\/categories?post=3675"},{"taxonomy":"post_tag","embeddable":true,"href":"https:\/\/debesyla.lt\/uzrasai\/lv\/wp-json\/wp\/v2\/tags?post=3675"}],"curies":[{"name":"wp","href":"https:\/\/api.w.org\/{rel}","templated":true}]}}