{"id":2969,"date":"2017-07-14T18:52:18","date_gmt":"2017-07-14T15:52:18","guid":{"rendered":"http:\/\/danieliusg.lt\/?p=2969"},"modified":"2021-10-01T03:01:56","modified_gmt":"2021-10-01T00:01:56","slug":"serijos","status":"publish","type":"post","link":"https:\/\/debesyla.lt\/uzrasai\/lv\/2017\/serija\/","title":{"rendered":"Tr\u012bs galven\u0101s m\u0101ko\u0146a t\u0113mas un rakstu s\u0113rijas"},"content":{"rendered":"<p style=\"font-size: 0.8em;\">Dienas m\u0113r\u0137is: <a style=\"border: none;\" href=\"https:\/\/debesyla.lt\/uzrasai\/lv\/issukis-365\/\">1605 v\u0101rdi<\/a>. Rakst\u012bts: <b>514<\/b>.<\/p>\n<p style=\"text-align: left;\"><span style=\"font-size: 1.15em;\">M\u0101konis sast\u0101v no trim galvenaj\u0101m t\u0113m\u0101m\u2026 Un m\u0101ko\u0146a las\u012bt\u0101jiem. \u0160obr\u012bd j\u016bs esat viens no p\u0113d\u0113jiem (vai gandr\u012bz viens no tiem).<\/span><\/p>\n<p>Bet pagaid\u0101m lab\u0101k piev\u0113rs\u012bsim uzman\u012bbu rakstiem.<\/p>\n<p>Lai gan es cen\u0161os katru rakstu iek\u013caut tikai vien\u0101 no trim t\u0113m\u0101m (vienk\u0101r\u0161\u012bba, izaicin\u0101jumi, psiholo\u0123ija), da\u017ei raksti p\u0101rk\u0101pj \u0161\u012bs robe\u017eas. Tie sajauc vair\u0101kas t\u0113mas vien\u0101 vai, bie\u017e\u0101k, ilgst vair\u0101kus m\u0113ne\u0161us.<\/p>\n<p>T\u0101p\u0113c j\u016bsu \u0113rt\u012bbai \u013caujiet man apkopot rakstu s\u0113riju par m\u0101ko\u0146iem. Un j\u016bs varat redz\u0113t visus jaun\u0101kos tekstus arh\u012bvos vai uzzin\u0101t par tiem, abon\u0113jot.<\/p>\n<h2>Traku izaicin\u0101jumu gads.<\/h2>\n<p>S\u0101kot ar 2013.\u00a0gada decembri, \u0161aj\u0101 man\u0101 sevis izaicin\u0101jumu gad\u0101 bija divpadsmit izaicin\u0101jumi. Un katram biju iepl\u0101nojis rakstu. Diem\u017e\u0113l ne visiem izaicin\u0101jumiem izdev\u0101s uzrakst\u012bt rakstus.<\/p>\n<ol>\n<li><a href=\"https:\/\/docs.google.com\/document\/d\/1ke0HtO8e-ozJHoQegAlXZ3BlhyTdvd4skjeKia9w3eY\/edit\" target=\"_blank\" rel=\"noopener\">Traku izaicin\u0101jumu gads<\/a><\/li>\n<li><a href=\"https:\/\/debesyla.lt\/uzrasai\/lv\/menesis-be-video\/\">Traks m\u0113nesis bez video<\/a><\/li>\n<li><a href=\"https:\/\/debesyla.lt\/uzrasai\/lv\/laiko-planavimas\/\">6 unik\u0101las laika p\u0101rvald\u012bbas metodes<\/a><\/li>\n<li><a href=\"https:\/\/debesyla.lt\/uzrasai\/lv\/28-rasymo-dienos\/\">Ko es piedz\u012bvoju 28 rakst\u012b\u0161anas dienu laik\u0101<\/a><\/li>\n<li><a href=\"https:\/\/debesyla.lt\/uzrasai\/lv\/menesis-be-interneto\/\">Traks m\u0113nesis bez interneta<\/a><\/li>\n<li><a href=\"https:\/\/debesyla.lt\/uzrasai\/lv\/menesis-be-pirkimo\/\">Traks m\u0113nesis bez iepirk\u0161an\u0101s<\/a><\/li>\n<li><a href=\"https:\/\/debesyla.lt\/uzrasai\/lv\/menesis-su-kelionemis\/\">Traks m\u0113nesis ar ce\u013cojumiem<\/a><\/li>\n<li><a href=\"https:\/\/debesyla.lt\/uzrasai\/lv\/simtas-pazinciu-vienas-menesis\/\">Traks m\u0113nesis ar 100 pazi\u0146\u0101m<\/a><\/li>\n<li><a href=\"https:\/\/debesyla.lt\/uzrasai\/lv\/romanas-per-menesi\/\">Traks m\u0113nesis ar rom\u0101nu rakst\u012b\u0161anu<\/a><\/li>\n<\/ol>\n<h2>Eksperimenti.<\/h2>\n<p>Dzimusi 2015. gad\u0101, eksperimenti turpina to, ko es dar\u012bju ar izaicin\u0101jumiem. T\u0101 ir taisn\u012bba \u2013 \u0161ajos eksperimentos ir iek\u013cauti mani pa\u0161u veiktie testi pirms gadiem. Pagaid\u0101m esmu aprakst\u012bjis tikai da\u017eus eksperimentus, un da\u017eus, iesp\u0113jams, nekad neaprakst\u012b\u0161u, jo nav ko st\u0101st\u012bt.<\/p>\n<ol>\n<li>Bez miega (2011.\u00a0gad\u0101 tr\u012bs dienas)<\/li>\n<li>Bez masturb\u0101cijas (2011, divi m\u0113ne\u0161i)<\/li>\n<li>Ar p\u0113c iesp\u0113jas vair\u0101k datumiem (2012.\u00a0gada vasara)<\/li>\n<li>Ar izvelkamo gultas ve\u013cu (2013.g., ned\u0113\u013ca)<\/li>\n<li><a href=\"https:\/\/debesyla.lt\/uzrasai\/lv\/100-daiktu\/\">Ar maz\u0101k nek\u0101 100 prec\u0113m<\/a> (2013.\u00a0gada marts un v\u0113l\u0101k)<\/li>\n<li><a href=\"https:\/\/debesyla.lt\/uzrasai\/lv\/keliausi-4-valanda-ryto\/\">Ar agru cel\u0161anos<\/a> (no 2013.\u00a0gada apr\u012b\u013ca l\u012bdz augustam)<\/li>\n<li>Istab\u0101 nav pulkste\u0146a (2013.\u00a0gada vasara un v\u0113l\u0101k)<\/li>\n<li>Ar piez\u012bmju kopsavilkumu (no 2014.\u00a0gada pavasara)<\/li>\n<li>Ar rakst\u012b\u0161anas kanban sist\u0113mu (no 2014.\u00a0gada l\u012bdz \u0161im)<\/li>\n<li>Ar skrie\u0161anu (da\u017eas dienas 2014.\u00a0gada novembr\u012b)<\/li>\n<li>Ar st\u0101vgaldu (2015.\u00a0gada ziema)<\/li>\n<li>Ar vasaras festiv\u0101liem (2015.\u00a0gada vasara)<\/li>\n<li><a href=\"https:\/\/infinitas.lt\/eksperimentas-kaip-pradejau-keltis-4-valanda-ryto\/\" target=\"_blank\" rel=\"noopener\">Ar agru cel\u0161anos<\/a> (j\u016blijs)<\/li>\n<li>Uzrakstot otru, lab\u0101ku noveli (novembris)<\/li>\n<\/ol>\n<h2>Antana Por\u0161e\u013ca intervija.<\/h2>\n<p>C\u016bka Antanas (vi\u0146a uzv\u0101rds s\u0101kas ar burtu S.) ir M\u0101ko\u0146u dz\u012bvnieks. Un vi\u0146\u0161 ir cilv\u0113ks... Err... Varonis, kur\u0161 interv\u0113 cilv\u0113kus, kuri pa\u0161i ir pie\u0146\u0113mu\u0161i dz\u012bves izaicin\u0101jumus. Vi\u0146am visvair\u0101k pat\u012bk interv\u0113t neiev\u0113rojamus cilv\u0113kus.<\/p>\n<p>Ja ar\u012b tu v\u0113lies past\u0101st\u012bt par savu izaicin\u0101jumu (j\u0101, vari), tad raksti vi\u0146am uz kontakt(eta)debesyla.lt.<\/p>\n<ol>\n<li><a href=\"https:\/\/debesyla.lt\/uzrasai\/lv\/begimas-simta-dienu\/\">K\u0101 es skr\u0113ju 100. dienu p\u0113c k\u0101rtas<\/a><\/li>\n<li><a href=\"https:\/\/debesyla.lt\/uzrasai\/lv\/emociju-paleidimo-technika\/\">Tadas Rakauskas: k\u0101 es main\u012bju savu dz\u012bvi 7 m\u0113ne\u0161u medit\u0101cijas laik\u0101<\/a><\/li>\n<li><a href=\"https:\/\/debesyla.lt\/uzrasai\/lv\/kaip-as-mezgiau-pazintis\/\">Antanas Bernatonis: k\u0101 es iepazinos tie\u0161i uz ielas 12 ned\u0113\u013cas p\u0113c k\u0101rtas<\/a><\/li>\n<\/ol>\n<h2>K\u0101 iem\u0101c\u012bties komunic\u0113t?<\/h2>\n<p>T\u0101tad, nopietni, k\u0101 iem\u0101c\u012bties sazin\u0101ties, ja visu m\u016b\u017eu esat bijis bezcer\u012bgs intraverts? \u0160\u012b gr\u0101matu cien\u012bg\u0101 rakstu s\u0113rija jums past\u0101st\u012bs visu no s\u0101kuma l\u012bdz beig\u0101m.<\/p>\n<ol>\n<li><a href=\"https:\/\/debesyla.lt\/uzrasai\/lv\/kaip-radau-draugu-lietuvoje\/\">K\u0101 iem\u0101c\u012bties komunic\u0113t ar cilv\u0113kiem<\/a> (pirm\u0101 da\u013ca)<\/li>\n<li><a href=\"https:\/\/debesyla.lt\/uzrasai\/lv\/kaip-radau-draugu-lietuvoje\/\">Otr\u0101 da\u013ca<\/a><\/li>\n<\/ol>\n<h2>S\u0101kums par rad\u012b\u0161anu.<\/h2>\n<p>\u0160\u012b ir sen\u0101ka rakstu s\u0113rija no tiem laikiem, kad Debesyl\u0101 v\u0113l run\u0101ju par rado\u0161umu. Tagad es vair\u0101k run\u0101ju par rado\u0161umu <a href=\"https:\/\/debesyla.lt\/uzrasai\/lv\/\">sav\u0101 person\u012bgaj\u0101 emu\u0101r\u0101<\/a>.<\/p>\n<ol>\n<li><a href=\"https:\/\/debesyla.lt\/uzrasai\/lv\/2018\/06\/tu-esi-kurybingas\/\">J\u016bs esat (p\u0101r\u0101k) rado\u0161s. Tas ir fakts<\/a><\/li>\n<li><a href=\"https:\/\/kaipisleistiknyga.lt\/kuryboje-vienas-yra-geriau-uz-tris\/\" target=\"_blank\" rel=\"noopener\">K\u0101p\u0113c viens ir lab\u0101ks par trim rado\u0161um\u0101<\/a><\/li>\n<li><a href=\"https:\/\/debesyla.lt\/uzrasai\/lv\/pradek\/\">Liel\u0101k\u0101 k\u013c\u016bda, ko varat pie\u013caut<\/a><\/li>\n<li>Ko dar\u012bt, ja nezin\u0101t, ko dar\u012bt<\/li>\n<li><a href=\"https:\/\/kaipisleistiknyga.lt\/3-didziausios-kurybos-kliutys\/\" target=\"_blank\" rel=\"noopener\">3 liel\u0101kie \u0161\u0137\u0113r\u0161\u013ci rado\u0161umam<\/a><\/li>\n<li><a href=\"https:\/\/kaipisleistiknyga.lt\/originalumo-nera-kuryba\/\" target=\"_blank\" rel=\"noopener\">Ko sl\u0113pj visu laiku rado\u0161\u0101kie cilv\u0113ki?<\/a><\/li>\n<li><a href=\"https:\/\/kaipisleistiknyga.lt\/idejos-mirsta\/\" target=\"_blank\" rel=\"noopener\">K\u0101p\u0113c j\u016bsu idejas mirst<\/a><\/li>\n<li>Zalia K\u016bdra: par rado\u0161uma un darba aizrau\u0161an\u0101s iedvesmo\u0161anu<\/li>\n<\/ol>\n<h2>Produktivit\u0101te.<\/h2>\n<p>Un visbeidzot, iesp\u0113jams, vec\u0101k\u0101 t\u0113ma, ko var\u0113tu apkopot s\u0113rij\u0101, ir personisk\u0101 (vai darba) efektivit\u0101te. Tagad man person\u012bgi \u0161\u0137iet, ka \u0161\u012bm t\u0113m\u0101m nav v\u0113rts piev\u0113rst uzman\u012bbu, jo <a href=\"https:\/\/www.valtininkas.lt\/pasiplaukiojimai\/paprastumas\" target=\"_blank\" rel=\"noopener\">dz\u012bvot vienk\u0101r\u0161\u0101k<\/a> vairs nav j\u0101mekl\u0113 produktivit\u0101te.<\/p>\n<ol>\n<li><a href=\"https:\/\/www.alfa.lt\/straipsnis\/49912401\/dirbk-maziau-padaryk-daugiau\/\" target=\"_blank\" rel=\"noopener\">Str\u0101d\u0101jiet maz\u0101k - dariet vair\u0101k<\/a><\/li>\n<li><a href=\"https:\/\/debesyla.lt\/uzrasai\/lv\/2013\/05\/kaip-netingeti-ir-pagaliau-pasiilseti\/\">K\u0101 neb\u016bt slinkam (un visbeidzot atp\u016bsties)<\/a><\/li>\n<li><a href=\"https:\/\/debesyla.lt\/uzrasai\/lv\/nebuk-produktyvus\/\">Ja v\u0113laties sasniegt vair\u0101k, neesiet produkt\u012bvs<\/a><\/li>\n<li><a href=\"https:\/\/debesyla.lt\/uzrasai\/lv\/nebaigti-darbai\/\">K\u0101 tikt gal\u0101 ar bezgal\u012bgiem uzdevumu sarakstiem<\/a><\/li>\n<li><a href=\"https:\/\/debesyla.lt\/uzrasai\/lv\/laiko-planavimas\/\">6 unik\u0101las laika p\u0101rvald\u012bbas metodes<\/a><\/li>\n<li>K\u0101p\u0113c slinkums ir lab\u0101ks par darbu<\/li>\n<li><a href=\"https:\/\/www.delfi.lt\/gyvenimas\/psichologija\/97-isskirtiniai-budai-pasiekti-beprotiska-gyvenimo-produktyvuma.d?id=66321634\" target=\"_blank\" rel=\"noopener\">97 traki produktivit\u0101tes hacks<\/a><\/li>\n<\/ol>","protected":false},"excerpt":{"rendered":"<p style=\"font-size: 0.8em;\">Dienas m\u0113r\u0137is: <a style=\"border: none;\" href=\"https:\/\/debesyla.lt\/uzrasai\/lv\/issukis-365\/\">1605 v\u0101rdi<\/a>. Rakst\u012bts: <b>514<\/b>.<\/p>","protected":false},"author":1,"featured_media":15434,"comment_status":"open","ping_status":"open","sticky":false,"template":"","format":"standard","meta":{"footnotes":""},"categories":[5],"tags":[2],"class_list":{"0":"post-2969","2":"type-post","3":"status-publish","4":"format-standard","5":"has-post-thumbnail","7":"category-pamastymai","8":"tag-365-tekstai"},"_links":{"self":[{"href":"https:\/\/debesyla.lt\/uzrasai\/lv\/wp-json\/wp\/v2\/posts\/2969","targetHints":{"allow":["GET"]}}],"collection":[{"href":"https:\/\/debesyla.lt\/uzrasai\/lv\/wp-json\/wp\/v2\/posts"}],"about":[{"href":"https:\/\/debesyla.lt\/uzrasai\/lv\/wp-json\/wp\/v2\/types\/post"}],"author":[{"embeddable":true,"href":"https:\/\/debesyla.lt\/uzrasai\/lv\/wp-json\/wp\/v2\/users\/1"}],"replies":[{"embeddable":true,"href":"https:\/\/debesyla.lt\/uzrasai\/lv\/wp-json\/wp\/v2\/comments?post=2969"}],"version-history":[{"count":0,"href":"https:\/\/debesyla.lt\/uzrasai\/lv\/wp-json\/wp\/v2\/posts\/2969\/revisions"}],"wp:featuredmedia":[{"embeddable":true,"href":"https:\/\/debesyla.lt\/uzrasai\/lv\/wp-json\/wp\/v2\/media\/15434"}],"wp:attachment":[{"href":"https:\/\/debesyla.lt\/uzrasai\/lv\/wp-json\/wp\/v2\/media?parent=2969"}],"wp:term":[{"taxonomy":"category","embeddable":true,"href":"https:\/\/debesyla.lt\/uzrasai\/lv\/wp-json\/wp\/v2\/categories?post=2969"},{"taxonomy":"post_tag","embeddable":true,"href":"https:\/\/debesyla.lt\/uzrasai\/lv\/wp-json\/wp\/v2\/tags?post=2969"}],"curies":[{"name":"wp","href":"https:\/\/api.w.org\/{rel}","templated":true}]}}