{"id":17418,"date":"2022-05-21T12:20:00","date_gmt":"2022-05-21T09:20:00","guid":{"rendered":"https:\/\/debesyla.lt\/uzrasai\/?p=17418"},"modified":"2022-08-17T18:19:53","modified_gmt":"2022-08-17T15:19:53","slug":"rolandas-maskoliunas-1922-tarp-kanibalizmo-ir-modernizmo","status":"publish","type":"post","link":"https:\/\/debesyla.lt\/uzrasai\/lv\/2022\/rolands-maskoliunas-1922-starp-kanibalismu-un-modernismu\/","title":{"rendered":"<i>Starp kop\u0113\u0161anu un izk\u0101rtojumu:<\/i> Rolanda Maskoli\u016bna gr\u0101matas &quot;1922&quot; apskats"},"content":{"rendered":"<p>Par godu Kau\u0146ai k\u0101 Eiropas kult\u016bras galvaspils\u0113tai - gr\u0101mata par Lietuvas starpkaru v\u0113sturi cit\u0101d\u0101 veid\u0101. Nevis notikumu atst\u0101sts, bet \u0161ie cit\u0101ti!<\/p>\n<p>Varb\u016bt m\u016bsdien\u0101s par autoru Rolandu tik daudz nerun\u0101, bet tie, kas jau sen lasa lietuvie\u0161u literat\u016bru un skat\u0101s filmas, atcer\u0113sies \u2013 galu gal\u0101 \u0161is ir tas pats zin\u0101t\u0146u doktors, kur\u0161 90.gados vad\u012bja telev\u012bzijas raid\u012bjumu &quot;Videokauka&quot; par fant\u0101zijas film\u0101m, sniedza savu ieguld\u012bjumu le\u0123end\u0101raj\u0101 &quot;<a href=\"https:\/\/www.goodreads.com\/author\/show\/7878980.Rolandas_Maskoli_nas\" target=\"_blank\" rel=\"noopener\">Maska<\/a>&quot;Fant\u0101zijas almanahi\u2026<\/p>\n<p>(Autors ir izdar\u012bjis v\u0113l daudz interesantu lietu, par ko var izteikt cie\u0146u. Ja ir interese, gribu pamekl\u0113t googl\u0113.)<\/p>\n<p>Bet atpaka\u013c pie gr\u0101matas.<\/p>\n<ul>\n<li aria-level=\"1\">Pilnais v\u0101rds: &quot;<a href=\"https:\/\/vaga.lt\/1922-tarp-kanibalizmo-ir-modernizmo\" target=\"_blank\" rel=\"noopener\">1922: starp kanib\u0101lismu un modernismu<\/a>&quot;.<\/li>\n<li aria-level=\"1\">\u017danrs: Zin\u0101tniskais \u2013 v\u0113sturiskais.<\/li>\n<li aria-level=\"1\">Vai ir v\u0113rts pirkt? A... Nu, te ir sare\u017e\u0123\u012bt\u0101k...<\/li>\n<\/ul>\n<p>Kopum\u0101 - <b>\u0161\u012b gr\u0101mata ir laba.<\/b> Person\u012bgi es j\u016btos lab\u0101k p\u0113c izlas\u012b\u0161anas. Bet es nezinu, vai gr\u0101mata patiks visiem.<\/p>\n<h2><b>Lab\u0101 da\u013ca ir kop\u0113\u0161ana!<\/b><\/h2>\n<p>\u0160eit autors bija \u013coti pat\u012bkami p\u0101rsteigts!<\/p>\n<p>Ja j\u016bs pa\u0146emat rok\u0101s praktiski jebkuru citu v\u0113stures gr\u0101matu, j\u016bs atrad\u012bsiet v\u0113stures p\u0101rst\u0101stu, kas balst\u012bts uz autora izpratni: &quot;Tad un tad notika tas, kas izrais\u012bja \u0161o un toreiz...&quot;. Nu, ja esat izlas\u012bjis vismaz vienu v\u0113sturisku gr\u0101matu, j\u016bs zin\u0101t, par ko es run\u0101ju.<\/p>\n<p>Rolands Maskoli\u016bnas ir drosm\u012bgs autors - vi\u0146\u0161 izk\u0101pa no \u0161\u012bs \u017eanra lamatas un 1922. gadu pasniedza vienk\u0101r\u0161i ar cit\u0101tiem un faktiem.<\/p>\n<p>Nu, l\u016bk, piem\u0113rs, es jums par\u0101d\u012b\u0161u, k\u0101 tas izskat\u0101s:<\/p>\n<figure><img decoding=\"async\" class=\"alignnone size-medium wp-image-17422\" src=\"https:\/\/debesyla.lt\/uzrasai\/wp-content\/uploads\/sites\/5\/2022\/06\/rolandas-maskoliunas-knyga-1922-nuo-kanibalizmo-iki-modernizmo-turinys-768x596.jpg\" alt=\"\" width=\"768\" height=\"596\" srcset=\"https:\/\/debesyla.lt\/uzrasai\/wp-content\/uploads\/sites\/5\/2022\/06\/rolandas-maskoliunas-knyga-1922-nuo-kanibalizmo-iki-modernizmo-turinys-768x596.jpg 768w, https:\/\/debesyla.lt\/uzrasai\/wp-content\/uploads\/sites\/5\/2022\/06\/rolandas-maskoliunas-knyga-1922-nuo-kanibalizmo-iki-modernizmo-turinys-1500x1163.jpg 1500w, https:\/\/debesyla.lt\/uzrasai\/wp-content\/uploads\/sites\/5\/2022\/06\/rolandas-maskoliunas-knyga-1922-nuo-kanibalizmo-iki-modernizmo-turinys-1536x1191.jpg 1536w, https:\/\/debesyla.lt\/uzrasai\/wp-content\/uploads\/sites\/5\/2022\/06\/rolandas-maskoliunas-knyga-1922-nuo-kanibalizmo-iki-modernizmo-turinys.jpg 1680w\" sizes=\"(max-width: 768px) 100vw, 768px\" \/><\/figure>\n<p>\u0100, un, ja interes\u0113, vai avoti ir nor\u0101d\u012bti - j\u0101, autors \u013coti gl\u012bti izkl\u0101st\u012bja, no kurienes vi\u0146\u0161 sav\u0101cis \u0161os fragmentus, uz ko balst\u012bjies. Apsveicami!<\/p>\n<p><b>Burtiski t\u0101 izskat\u0101s visa gr\u0101mata. Tikai cit\u0101ti.<\/b> Autora p\u0101rdomas ir tikai da\u017eas lappuses ievad\u0101 un secin\u0101jumos. Kas, god\u012bgi sakot, man \u013coti pat\u012bk. Autora domas interesantas, bet cit\u0101ti... Ak, tas ir t\u012brs, \u012bsts, neapstr\u0101d\u0101ts inform\u0101cijas sp\u0113ks! Ak!<\/p>\n<p>Tie\u0161\u0101m interesants ir 1922. gads, notikumi Lietuv\u0101 un ar Lietuvu saist\u012btas v\u0113sturiskas personas.<\/p>\n<p>starp citu <a href=\"https:\/\/www.15min.lt\/kultura\/naujiena\/literatura\/r-maskoliunas-pristatydamas-knyga-apie-1922-uosius-siandien-matome-istorija-kartojasi-286-1646196\" target=\"_blank\" rel=\"noopener\">intervija ar 15min.lt<\/a> Toreiz autors atkl\u0101ja, ka ir ieinteres\u0113ts rakst\u012bt \u0161o Floriana Illiesa gr\u0101matas &quot;1913&quot; gr\u0101matu, lai gan nav skaidrs, ka autoru vair\u0101k interes\u0113ja pirm\u0101 da\u013ca ar \u0161o nosaukumu &quot;<a href=\"https:\/\/www.goodreads.com\/sk\/book\/show\/23447752-1913---imtme-io-vasara\" target=\"_blank\" rel=\"noopener\">Gadsimta vasara<\/a>&quot;vai otrais -&quot;<a href=\"https:\/\/www.goodreads.com\/book\/show\/52103583-1913-k-b-tinai-nor-jau-dar-papasakoti\" target=\"_blank\" rel=\"noopener\">Ko v\u0113l es noteikti grib\u0113ju jums past\u0101st\u012bt<\/a>&quot;. Ta\u010du abas \u0161\u012bs gr\u0101matas princip\u0101 ir l\u012bdz\u012bgas \u2013 t\u0101s ar\u012b ir simts gadus senu zi\u0146u kr\u0101jumi, tikai vair\u0101k par V\u0101ciju. (\u017d\u0113l, ka \u0161\u012bs gr\u0101matas v\u0113l neesmu las\u012bjis.)<\/p>\n<p>&quot;Es dom\u0101ju, kas bija Lietuv\u0101, Eirop\u0101 tolaik pirms 100 gadiem?&quot; S\u0101ku mekl\u0113t materi\u0101lu, nezinot, ko atrad\u012b\u0161u\u201d, taj\u0101 pa\u0161\u0101 intervij\u0101 st\u0101st\u012bja ar\u012b autore.<\/p>\n<h2><b>Slikt\u0101 da\u013ca ir izk\u0101rtojums.<\/b><\/h2>\n<p>N\u0113, ne dizains!!! Gr\u0101matas dizains, satura izk\u0101rtojums, druka ir visaugst\u0101kaj\u0101 l\u012bmen\u012b un nevaru atrast pie k\u0101 pie\u0137erties. Dizains ir \u013coti labs.<\/p>\n<p>T\u0101 viet\u0101 es vienk\u0101r\u0161i nevaru atrast citu v\u0101rdu, kas atskan ar v\u0101rdu &quot;kop\u0113\u0161ana&quot; un pasaka to, ko v\u0113los pateikt... <b>K\u0101da j\u0113ga? Par ko ir \u0161\u012b gr\u0101mata?<\/b><\/p>\n<p>Lasot gr\u0101matu, br\u012b\u017eiem rad\u0101s saj\u016bta, ka skat\u0101ties caur kaleidoskopu \u2013 tik daudz cit\u0101tu, tik daudz varo\u0146u, tik daudz notikumu! \u2026Bet k\u0101da ir saist\u012bba starp \u0161o visu?<\/p>\n<p>Gr\u0101mata, k\u0101 autors nor\u0101d\u012bja taj\u0101 pa\u0161\u0101 15min.lt intervij\u0101, tapusi Kau\u0146\u0101 <a href=\"https:\/\/kaunas2022.eu\/\" target=\"_blank\" rel=\"noopener\">KEKS2022<\/a> gad\u012bjum\u0101 Pat nosaukums ir l\u012bdz\u012bgs KEKS sauklim - &quot;Temporary to contemporary&quot; (lietuviski tas neatska\u0146o, bet tas b\u016btu &quot;no pagaidu uz laikmet\u012bgu&quot;). Bet kur gr\u0101mat\u0101 ir Kau\u0146a? Kau\u0146a noteikti nav gr\u0101matas b\u016bt\u012bba, jo cit\u0101ti un notikumi \u0146emti no vair\u0101k nek\u0101 Kau\u0146as...<\/p>\n<p>Piem\u0113ram, Balys Sruoga, tolaik jauks puisis (iesp\u0113jams), studiju laik\u0101 dz\u012bvoja V\u0101cij\u0101, sarakst\u012bj\u0101s ar savu jaunkundzi Vandu Daugirdaiti... Nu bet ne tepat Kau\u0146\u0101. Pat ne Lietuva. Vien\u012bgais, kas saist\u012bts ar Lietuvu, ir tas, ka abi lietuvie\u0161i ir ar kaut ko paz\u012bstami. Bet ar ko vi\u0146i bija slaveni studiju laik\u0101? Vai vi\u0146u m\u012blest\u012bbas v\u0113stules tie\u0161\u0101m savieno visus p\u0101r\u0113jos notikumus?<\/p>\n<p>Nosaukum\u0101 min\u0113ts ar\u012b &quot;kanib\u0101lisms&quot;. Pirms gr\u0101matas pa\u0146\u0113mu rok\u0101s, dom\u0101ju, ka tur b\u016bs kaut kas par Lietuvas politiku, k\u0101 starpkaru laik\u0101 Seima deput\u0101ti viens otru \u0113da un krieviem ir viegl\u0101k okup\u0113t. Bet n\u0113, izr\u0101d\u0101s, ka runa ir par kanib\u0101lismu tie\u0161\u0101 noz\u012bm\u0113 - ka, nu, Krievij\u0101 taj\u0101 gad\u0101 bija bads...<\/p>\n<p>Pats mulsino\u0161\u0101kais ir laika apst\u0101k\u013ci taj\u0101 m\u0113nes\u012b. Ko man ar to dar\u012bt? Es neesmu gudrs v\u0113sturnieks, lai to attiecin\u0101tu, nu, t\u0101p\u0113c \u0161eit r\u0101ce\u0146u ra\u017ea bija slikt\u0101ka un t\u0101p\u0113c... Nu un ko?<\/p>\n<p>Iesp\u0113jams, \u0161eit atbildes var sniegt t\u0101 pati 15min.lt intervija, kur autors teica sekojo\u0161o: \u201cGr\u0101matas misija ir ieinteres\u0113t v\u0113sturi un t\u0101s daudzveid\u012bbu glob\u0101l\u0101 kontekst\u0101. <b>Es uzrakst\u012bju \u0161o gr\u0101matu sev,<\/b> un, ja ar\u012b citiem b\u016bs interese, es priec\u0101\u0161os, kad vi\u0146i kritiz\u0113s.&quot;<\/p>\n<p>T\u0101tad, k\u0101 autors izv\u0113l\u0113j\u0101s cit\u0101tus? Vai vi\u0146\u0161 visu, ko atrada, nelika stil\u0101 &quot;ai, es ielik\u0161u, nav \u017e\u0113l&quot;? ES neticu. Noteikti ir j\u0101b\u016bt k\u0101dai saiknei. Nu kaut k\u0101ds dzi\u013c\u0101ks st\u0101sts nek\u0101 tikai 1922. gada notikumi, kas risin\u0101j\u0101s kaut kur pasaul\u0113 un reiz\u0113m saist\u012bti ar Lietuvu... Vai es gaidu p\u0101r\u0101k daudz?<\/p>\n<p>es nezinu. <b>Es labpr\u0101t izlas\u012btu otro Rolanda Maskoli\u016bna gr\u0101matu.<\/b> Grib\u0113tos, lai autors izdotu v\u0113l vienu t\u0101du gr\u0101matu - kaut vai ap 1990. gadu -, bet m\u0113\u0123in\u0101tu gr\u0101mat\u0101 iek\u013caut kaut k\u0101du visaptvero\u0161u si\u017eetu, viss b\u016btu vair\u0101k saist\u012bts. Pat ja, teiksim, gr\u0101mata ir par 1990. gadu - lai visi cit\u0101ti ir saist\u012bti ar k\u0101du no Parakst\u012bt\u0101jiem, nevis tikai ar to, ko pusdien\u0101s \u0113da nejau\u0161ais t\u0113ls Kazys no Al\u012btas.<\/p>\n<p>Kopum\u0101 1922. gads ir laba gr\u0101mata. Man patika cit\u0101tu p\u0101rbag\u0101t\u012bba, to avoti. Un, ja j\u016bs interes\u0113 laikmets - <a href=\"https:\/\/vaga.lt\/1922-tarp-kanibalizmo-ir-modernizmo\" target=\"_blank\" rel=\"noopener\">Es v\u0113l\u0113tos ieg\u0101d\u0101ties \u0161o gr\u0101matu<\/a> un izbaudi. Bet negaidiet lielu rom\u0101nu, sagaidiet tikai interesantu cit\u0101tu kolekciju, kas iepakota patie\u0161\u0101m jauk\u0101 gr\u0101mat\u0101.<\/p>\n<p>Gr\u0101mata ir laba, bet ne visiem \ud83d\ude09<\/p>\n<div id=\"parasas\" class=\"\"><svg viewbox=\"0 0 900 189\" width=\"200\">\n        <path class=\"d-1\" d=\"M67 50L5 172\"\/>\n        <path class=\"d-2\" d=\"M19 152c7 8 30 33 59 32 41-1 76-46 80-100 2-22-6-77-42-79C61 2-1 54 46 76\"\/>\n        <path class=\"a\" d=\"M204 126.9c1.4-6-1-23.7-8.8-23.3-33.2 1-44 50-31 54 11 3 22-10 36-25 2-3 14 9 25 10\"\/>\n        <path class=\"nie\" d=\"M211 157c45-44 65-58 70-54 6 5-16 42-12 45 6 4 47-55 57-49 7 4-7 34 4 47 8 11 20 7 28 1 18-14 28-28 27-22s-5 38 46 16c21-9 22-29 13-36-3-2-16 6-16 16-1 18 14 29 37 28\"\/>\n        <path class=\"t-1\" d=\"M387 80a1 1 0 1 0 2 0 1 1 0 1 0-2 0\"\/>\n        <path class=\"liu\" d=\"M444 184C549 88 546 23 536 23c-19 0-57 74-57 122 0 4 5 13 13 16 5 3 11 2 16 1 6-1 11-6 17-10l39-32c0 6-2 8-3 14-2 7-2 10 1 14l5 4c6 3 14 1 20-1 17-7 26-19 44-29 3-1 8-4 12-2l5 6c4 11 1 16 4 22s13 10 20 8 12-9 13-14l4-13 3-5 6-4 13-5c3-1 6-3 10-8\"\/>\n        <path class=\"t-2\" d=\"M576 85a1 1 0 1 0 2 0 1 1 0 1 0-2 0\"\/>\n        <path class=\"s-1\" d=\"M720 142c8 2 27 3 35-3 6-4-18-36-22-32-3 4-6 19-30 65\"\/>\n        <path class=\"s-2\" d=\"M756 140c4-1 9-4 12-8\"\/><\/svg>\n    <\/div>\n    <noscript><img decoding=\"async\" src=\"https:\/\/debesyla.lt\/uzrasai\/wp-content\/themes\/debesyla-uzrasai-child\/inc\/img\/fallback-parasas.png\" alt=\"Daniels\" style=\"top: -2.5em; position: relative;\"><\/noscript>","protected":false},"excerpt":{"rendered":"<p>Par godu Kau\u0146ai k\u0101 Eiropas kult\u016bras galvaspils\u0113tai - gr\u0101mata par Lietuvas starpkaru v\u0113sturi cit\u0101d\u0101 veid\u0101. Nevis notikumu atst\u0101sts, bet \u0161ie cit\u0101ti!<\/p>","protected":false},"author":1,"featured_media":17421,"comment_status":"open","ping_status":"open","sticky":false,"template":"","format":"standard","meta":{"footnotes":""},"categories":[22],"tags":[101,50],"class_list":{"0":"post-17418","2":"type-post","3":"status-publish","4":"format-standard","5":"has-post-thumbnail","7":"category-apzvalgos","8":"tag-istorija","9":"tag-knygos"},"_links":{"self":[{"href":"https:\/\/debesyla.lt\/uzrasai\/lv\/wp-json\/wp\/v2\/posts\/17418","targetHints":{"allow":["GET"]}}],"collection":[{"href":"https:\/\/debesyla.lt\/uzrasai\/lv\/wp-json\/wp\/v2\/posts"}],"about":[{"href":"https:\/\/debesyla.lt\/uzrasai\/lv\/wp-json\/wp\/v2\/types\/post"}],"author":[{"embeddable":true,"href":"https:\/\/debesyla.lt\/uzrasai\/lv\/wp-json\/wp\/v2\/users\/1"}],"replies":[{"embeddable":true,"href":"https:\/\/debesyla.lt\/uzrasai\/lv\/wp-json\/wp\/v2\/comments?post=17418"}],"version-history":[{"count":0,"href":"https:\/\/debesyla.lt\/uzrasai\/lv\/wp-json\/wp\/v2\/posts\/17418\/revisions"}],"wp:featuredmedia":[{"embeddable":true,"href":"https:\/\/debesyla.lt\/uzrasai\/lv\/wp-json\/wp\/v2\/media\/17421"}],"wp:attachment":[{"href":"https:\/\/debesyla.lt\/uzrasai\/lv\/wp-json\/wp\/v2\/media?parent=17418"}],"wp:term":[{"taxonomy":"category","embeddable":true,"href":"https:\/\/debesyla.lt\/uzrasai\/lv\/wp-json\/wp\/v2\/categories?post=17418"},{"taxonomy":"post_tag","embeddable":true,"href":"https:\/\/debesyla.lt\/uzrasai\/lv\/wp-json\/wp\/v2\/tags?post=17418"}],"curies":[{"name":"wp","href":"https:\/\/api.w.org\/{rel}","templated":true}]}}