{"id":1126,"date":"2017-01-12T15:09:51","date_gmt":"2017-01-12T13:09:51","guid":{"rendered":"http:\/\/danieliusg.lt\/?p=1126"},"modified":"2021-10-01T02:51:07","modified_gmt":"2021-09-30T23:51:07","slug":"eksperimentas-074-diena-badaujant","status":"publish","type":"post","link":"https:\/\/debesyla.lt\/uzrasai\/lv\/2017\/eksperiments-074-diena-izpetes\/","title":{"rendered":"<i>074.\u00a0eksperiments:<\/i> Bada diena"},"content":{"rendered":"<p style=\"font-size: 0.8em;\">Dienas m\u0113r\u0137is: <a style=\"border: none;\" href=\"https:\/\/debesyla.lt\/uzrasai\/lv\/issukis-365\/\">299 v\u0101rdi<\/a>. Rakst\u012bts: <b>448<\/b>.<\/p>\n<p style=\"text-align: left;\"><span style=\"font-size: 1.15em;\">Pag\u0101ju\u0161aj\u0101 gad\u0101 vienu dienu es neko ne\u0113du. Es vienk\u0101r\u0161i grib\u0113ju redz\u0113t, kas notiks, ja izm\u0113\u0123in\u0101\u0161u apzin\u0101tas bado\u0161an\u0101s tehniku. <\/span><\/p>\n<p style=\"text-align: left;\"><span style=\"font-size: 1.15em;\">Tas ir tas, ko es piedz\u012bvoju:<\/span><\/p>\n<ul>\n<li style=\"text-align: left;\">Vakar brokast\u012bs es neko ne\u0113du.<\/li>\n<li style=\"text-align: left;\">Pie zob\u0101rsta devos ap pulksten 11, un tad visu dienu man s\u0101p\u0113ja smaganas.<\/li>\n<li style=\"text-align: left;\">Es dz\u0113ru Lipton t\u0113ju pa ce\u013cam no zob\u0101rsta.<\/li>\n<li style=\"text-align: left;\">Es \u0113du 4 karstas sviestmaizes dien\u0101 ar sieru, majon\u0113zi un s\u012bpoliem.<\/li>\n<li style=\"text-align: left;\">Tad es dz\u0113ru \"\u0123imenes\" t\u0113ju. Un Lipton, melno.<\/li>\n<li style=\"text-align: left;\">Vakarpus\u0113 es veicu atspie\u0161anas vingrin\u0101jumus, apst\u0101jos pie 60 un atlika uz \u0161odienu. Deguns nestr\u0101d\u0101ja \u013coti labi. Varb\u016bt tas bija nedaudz v\u0101j\u0161, bet es neatceros.<\/li>\n<li style=\"text-align: left;\">Vakar\u0101 es neko ne\u0113du.<\/li>\n<\/ul>\n<h2>Es s\u0101ku \u0161odien.<\/h2>\n<ul>\n<li>Vakar vakar\u0101 es g\u0101ju gul\u0113t ap <strong>30 min\u016btes pirms pusnakts<\/strong>Es \u013coti viegli un pat\u012bkami aizmigu.<\/li>\n<li>Vair\u0101ki nakt\u012b pamod\u0101s kop\u0101. Man bija d\u012bvaini sap\u0146i. Nekas \u012bpa\u0161s.<\/li>\n<li>Modin\u0101t\u0101js <strong>7:00.<\/strong> Tad es snaudu l\u012bdz 9:30. Es piec\u0113los un jutos labi.<\/li>\n<li>Es pagatavoju Lipton melno t\u0113ju.<\/li>\n<li>Iedvesmojoties no Lina Matu\u013ca un <a href=\"https:\/\/debesyla.lt\/uzrasai\/lv\/peter-axt-michaela-axt-apie-tingumo-laime\/\">gr\u0101matu \"Par slinkuma laimi\", <\/a>Es nol\u0113mu, ka \u0161odien es bad\u0101 nomir\u0161u.<\/li>\n<li>L\u012bdz <strong>13:00<\/strong> vai kaut ko taml\u012bdz\u012bgu, es jutos \u013coti labi. K\u0101 parasti.<\/li>\n<li>Par <strong>Pulkstenis 14<\/strong> Es s\u0101ku just kaut ko neparastu. Es nezinu, ko. Tikai \u0161\u012b saj\u016bta. Varb\u016bt tas bija t\u0101p\u0113c, ka las\u012bju gr\u0101matas un kr\u0101ju zin\u0101\u0161anas Slinkuma manifestam, vai varb\u016bt tas bija dr\u0113gnais dienas gaiss un balt\u0101s, m\u0101ko\u0146iem kl\u0101t\u0101s debesis.<\/li>\n<li>Par <strong>15 pulkstenis<\/strong> Es s\u0101ku just izsalkuma paz\u012bmes. Taj\u0101 br\u012bd\u012b es grib\u0113ju kaut ko iekost. Nedaudz. Es p\u0101rvar\u0113ju to un pagatavoju t\u0113ju. T\u0101 bija Lipton. Atkal. (Cik daudz es varu izdzert?)<\/li>\n<li>Par <strong>16 pulkstenis<\/strong> man v\u0113der\u0101 s\u0101ka grab\u0113t skr\u016bves, es s\u0101ku justies v\u0101jpr\u0101t\u012bgi, rad\u0101s viegls tirp\u0161anas saj\u016bta, un att\u0113ls man\u0101s ac\u012bs s\u0101ka nedaudz l\u012bt. Iesp\u0113jams, gr\u0101matas \"Par slinkuma laimi\" ietekme, jo taj\u0101 teikts, ka tas var notikt gav\u0113\u0146a laik\u0101. Es nezinu, kas ir paties\u012bba.<\/li>\n<li>Par <strong>Pulkstenis 17<\/strong> Es jutos v\u0101j\u0161, s\u0101ka s\u0101p\u0113t galva (joproj\u0101m nedaudz, bet vair\u0101k), B\u0113thovena Piekt\u0101 simfonija c-moll, op. 67, Nr. 1. Es s\u0101ku \u0161aub\u012bties, k\u0101p\u0113c visp\u0101r biju uz\u0146\u0113mies \u0161o izaicin\u0101jumu.<\/li>\n<li>Par <strong>18 pulkstenis<\/strong> man s\u0101p galva, man v\u0113der\u0101 ir p\u016b\u0137is, uzman\u012bba kaut kur... Ak, v\u0101ver\u012bte! ...Emm. Kaut kur tur. Un vi\u0146\u0161. V\u0101rdu sakot. Es to rakstu. Es eju \u0113st, jo man k\u013c\u016bst mazliet slikti, un es neesmu p\u0101rliecin\u0101ta, ka t\u0101 tam j\u0101notiek. Mans \u0137ermenis saka - ej \u0113st. Es eju \u0113st. D\u0101rze\u0146i.<\/li>\n<li><strong>15 min\u016btes p\u0113c plkst. 18:00:<\/strong> Ir gr\u016bti koncentr\u0113ties, s\u0101p acis, s\u0101p galva (aug\u0161\u0113j\u0101 da\u013ca), v\u0113ders nepal\u012bdz un rada trok\u0161\u0146us. Man gribas gul\u0113t. Ja es m\u0113\u0123in\u0101tu gul\u0113t, es dro\u0161i vien noteikti atteiktos no vakari\u0146\u0101m. Un es dom\u0101ju, ka \u0161\u0101d\u0101 st\u0101vokl\u012b es nedar\u012btu pievilk\u0161an\u0101s vingrin\u0101jumus.<\/li>\n<li><strong>19 min\u016btes p\u0113c 18:00:<\/strong> Paldies. Jauku dienu.\n<ul>\n<li><strong> Pozit\u012bvisms:<\/strong> \u0160\u0137iet, ka mans deguns ir mazliet atbr\u012bvot\u0101ks, nek\u0101 tas bija aizvakar. Caur to ir viegl\u0101k elpot.<\/li>\n<li><strong>Negat\u012bvs:<\/strong> Izlasiet iepriek\u0161 min\u0113t\u0101s atsauksmes.<\/li>\n<\/ul>\n<\/li>\n<li><strong>32 min\u016btes p\u0113c 18:00:<\/strong> Es \u0113du. \u0112\u0161anas br\u012bdis \u0161\u0137ita pat\u012bkams un lab\u0101ks. Dom\u0101ju, ka man\u0101 v\u0113der\u0101 bija viesu\u013cv\u0113tra, kad es m\u0113\u0123in\u0101ju \u0113st \u0113dienu. 2:3 no \u0113diena bija d\u0101rze\u0146i. P\u0101r\u0113jais bija liellopa kotletes.<\/li>\n<li><strong>19:00:<\/strong> Pirms br\u012b\u017ea mani bija p\u0101r\u0146\u0113mis gal\u0113js miegainums un izklaid\u012bba, un koncentr\u0113\u0161an\u0101s l\u012bmenis bija viens desmit ballu skal\u0101. \u0160obr\u012bd uzman\u012bba, \u0161\u0137iet, atgrie\u017eas. V\u0113ders nes\u016bta gandr\u012bz nek\u0101dus sign\u0101lus. Es j\u016btos atjaunots. Nogar\u0161oju gabali\u0146u tum\u0161\u0101s \u0161okol\u0101des.<\/li>\n<li><strong>14 min\u016btes p\u0113c pulksten 19:00:<\/strong> Deguns atkal blo\u0137\u0113ts. Eureka? Kaut kas ar to saist\u012bts! Es z\u012bst un gribu gul\u0113t, labi. Varb\u016bt tas ir ar\u012b deguns?<\/li>\n<li><strong>23 stundas:<\/strong> Es esmu atgriezies norm\u0101l\u0101 st\u0101vokl\u012b. Nekas \u012bpa\u0161s. Mans deguns joproj\u0101m ir nedaudz saspiests.<\/li>\n<\/ul>\n<p>Ne tik \u013coti izsalcis,<br \/>\n<strong>Daniels<\/strong><\/p>","protected":false},"excerpt":{"rendered":"<p style=\"font-size: 0.8em;\">Dienas m\u0113r\u0137is: <a style=\"border: none;\" href=\"https:\/\/debesyla.lt\/uzrasai\/lv\/issukis-365\/\">299 v\u0101rdi<\/a>. Rakst\u012bts: <b>448<\/b>.<\/p>","protected":false},"author":1,"featured_media":14805,"comment_status":"open","ping_status":"open","sticky":false,"template":"","format":"standard","meta":{"footnotes":""},"categories":[27],"tags":[2],"class_list":{"0":"post-1126","2":"type-post","3":"status-publish","4":"format-standard","5":"has-post-thumbnail","7":"category-issukiai","8":"tag-365-tekstai"},"_links":{"self":[{"href":"https:\/\/debesyla.lt\/uzrasai\/lv\/wp-json\/wp\/v2\/posts\/1126","targetHints":{"allow":["GET"]}}],"collection":[{"href":"https:\/\/debesyla.lt\/uzrasai\/lv\/wp-json\/wp\/v2\/posts"}],"about":[{"href":"https:\/\/debesyla.lt\/uzrasai\/lv\/wp-json\/wp\/v2\/types\/post"}],"author":[{"embeddable":true,"href":"https:\/\/debesyla.lt\/uzrasai\/lv\/wp-json\/wp\/v2\/users\/1"}],"replies":[{"embeddable":true,"href":"https:\/\/debesyla.lt\/uzrasai\/lv\/wp-json\/wp\/v2\/comments?post=1126"}],"version-history":[{"count":0,"href":"https:\/\/debesyla.lt\/uzrasai\/lv\/wp-json\/wp\/v2\/posts\/1126\/revisions"}],"wp:featuredmedia":[{"embeddable":true,"href":"https:\/\/debesyla.lt\/uzrasai\/lv\/wp-json\/wp\/v2\/media\/14805"}],"wp:attachment":[{"href":"https:\/\/debesyla.lt\/uzrasai\/lv\/wp-json\/wp\/v2\/media?parent=1126"}],"wp:term":[{"taxonomy":"category","embeddable":true,"href":"https:\/\/debesyla.lt\/uzrasai\/lv\/wp-json\/wp\/v2\/categories?post=1126"},{"taxonomy":"post_tag","embeddable":true,"href":"https:\/\/debesyla.lt\/uzrasai\/lv\/wp-json\/wp\/v2\/tags?post=1126"}],"curies":[{"name":"wp","href":"https:\/\/api.w.org\/{rel}","templated":true}]}}